{"id":28967,"date":"2022-10-13T14:07:11","date_gmt":"2022-10-13T14:07:11","guid":{"rendered":"https:\/\/www.iseg.ulisboa.pt\/?p=28967"},"modified":"2022-10-14T16:46:25","modified_gmt":"2022-10-14T16:46:25","slug":"iseg-represented-in-portugal-smart-cities-summit","status":"publish","type":"post","link":"https:\/\/www.iseg.ulisboa.pt\/en\/2022\/10\/iseg-represented-in-portugal-smart-cities-summit\/","title":{"rendered":"ISEG represented at Portugal Smart Cities Summit"},"content":{"rendered":"<p>Until 13 October, ISEG is present at the \"Portugal Smart Cities Summit\", an event that brings together the most diverse sectors of activity to reflect on the future of the organization of cities in the world, with three projects and a photographic exhibition.<\/p>\n\n\n\n<p>CriCity, a project of <a href=\"https:\/\/socius.rc.iseg.ulisboa.pt\/\" data-type=\"URL\" data-id=\"https:\/\/socius.rc.iseg.ulisboa.pt\/\" target=\"_blank\" rel=\"noreferrer noopener\">SOCIUS\/ISEG<\/a>, on \"Studies on children and urban public spaces\", is organized by Eunice Castro Seixas, Paulo Castro Seixas, Jo\u00e3o Teixeira Lopes and L\u00edgia Ferro.<\/p>\n\n\n\n<p>The project \"Eating and Power: The Economy of Culture in Macao\" by Marisa Gaspar, researcher at the <a href=\"https:\/\/socius.rc.iseg.ulisboa.pt\/\" data-type=\"URL\" data-id=\"https:\/\/socius.rc.iseg.ulisboa.pt\/\" target=\"_blank\" rel=\"noreferrer noopener\">SOCIUS\/ISEG<\/a>, makes the relationship between food as a heritage product and heritage public policies, such as tourism, the economy of culture and the construction of entities inserted in the complex political and economic processes, local and global, in the social and cultural space of Macao.<\/p>\n\n\n\n<p>There will also be a presentation of the study \"Perspectives on the development of young people living in the Parish of Santa Clara, post-pandemic of Covid-19\", organized by Hemma Tengler (coord.), Gabriel Londe Medeiros, Ana Lu\u00edza Penna, Rafaela Almeida Lima and J\u00e9ssica de Jesus Rodrigues Tavares. This project was developed in partnership with <a href=\"https:\/\/oficinaglobal.org\/\" data-type=\"URL\" data-id=\"https:\/\/oficinaglobal.org\/\" target=\"_blank\" rel=\"noreferrer noopener\">Global Workshop<\/a>, an initiative of the <a href=\"https:\/\/cesa.rc.iseg.ulisboa.pt\/\" data-type=\"URL\" data-id=\"https:\/\/cesa.rc.iseg.ulisboa.pt\/\" target=\"_blank\" rel=\"noreferrer noopener\">CeSA\/ISEG<\/a>.<\/p>\n\n\n\n<p>The photographic exhibition \"Macao in Contrasts (2010-2018)\" is a traveling exhibition of a photographic collection by Marisa Gaspar, anthropologist and researcher at the University of Macau. <a href=\"https:\/\/socius.rc.iseg.ulisboa.pt\/\" data-type=\"URL\" data-id=\"https:\/\/socius.rc.iseg.ulisboa.pt\/\" target=\"_blank\" rel=\"noreferrer noopener\">SOCIUS\/ISEG<\/a>This book, collected during his various ethnographic works in Macao, is currently part of the dissemination and promotion activities of his post-doctoral project, \"Eating and Power: The Economy of Culture in Macao\".<\/p>\n\n\n\n<p>You can consult the full program <a href=\"https:\/\/portugalsmartcities.fil.pt\/programa-2022\/\" data-type=\"URL\" data-id=\"https:\/\/portugalsmartcities.fil.pt\/programa-2022\/\" target=\"_blank\" rel=\"noreferrer noopener\">here<\/a>.<\/p>","protected":false},"excerpt":{"rendered":"Through October 13, ISEG will be participating in the \u201cPortugal Smart Cities Summit,\u201d an event that brings together a wide range of industries to discuss the future of the organization [\u2026]","protected":false},"author":6,"featured_media":28993,"comment_status":"open","ping_status":"open","sticky":false,"template":"","format":"standard","meta":{"inline_featured_image":false,"_uag_custom_page_level_css":"","footnotes":""},"categories":[7],"topic":[],"acf":[],"yoast_head":"<!-- This site is optimized with the Yoast SEO plugin v22.6 - https:\/\/yoast.com\/wordpress\/plugins\/seo\/ -->\n<title>ISEG representado no Portugal Smart Cities Summit - ISEG<\/title>\n<meta name=\"robots\" content=\"index, follow, max-snippet:-1, max-image-preview:large, max-video-preview:-1\" \/>\n<link rel=\"canonical\" href=\"https:\/\/www.iseg.ulisboa.pt\/en\/2022\/10\/iseg-represented-in-portugal-smart-cities-summit\/\" \/>\n<meta name=\"twitter:label1\" content=\"Written by\" \/>\n\t<meta name=\"twitter:data1\" content=\"irafael\" \/>\n\t<meta name=\"twitter:label2\" content=\"Est. reading time\" \/>\n\t<meta name=\"twitter:data2\" content=\"1 minute\" \/>\n<script type=\"application\/ld+json\" class=\"yoast-schema-graph\">{\"@context\":\"https:\/\/schema.org\",\"@graph\":[{\"@type\":\"Article\",\"@id\":\"https:\/\/www.iseg.ulisboa.pt\/en\/2022\/10\/iseg-represented-in-portugal-smart-cities-summit\/#article\",\"isPartOf\":{\"@id\":\"https:\/\/www.iseg.ulisboa.pt\/en\/2022\/10\/iseg-represented-in-portugal-smart-cities-summit\/\"},\"author\":{\"name\":\"irafael\",\"@id\":\"https:\/\/www.iseg.ulisboa.pt\/en\/#\/schema\/person\/59248331ac8722e5c16a131cb02aa6cb\"},\"headline\":\"ISEG representado no Portugal Smart Cities Summit\",\"datePublished\":\"2022-10-13T14:07:11+00:00\",\"dateModified\":\"2022-10-14T16:46:25+00:00\",\"mainEntityOfPage\":{\"@id\":\"https:\/\/www.iseg.ulisboa.pt\/en\/2022\/10\/iseg-represented-in-portugal-smart-cities-summit\/\"},\"wordCount\":292,\"commentCount\":0,\"publisher\":{\"@id\":\"https:\/\/www.iseg.ulisboa.pt\/en\/#organization\"},\"image\":{\"@id\":\"https:\/\/www.iseg.ulisboa.pt\/en\/2022\/10\/iseg-represented-in-portugal-smart-cities-summit\/#primaryimage\"},\"thumbnailUrl\":\"https:\/\/www.iseg.ulisboa.pt\/wp-content\/uploads\/2022\/10\/Portugal-Smart-Cities-Summit.jpeg\",\"articleSection\":[\"Outras\"],\"inLanguage\":\"en-US\",\"potentialAction\":[{\"@type\":\"CommentAction\",\"name\":\"Comment\",\"target\":[\"https:\/\/www.iseg.ulisboa.pt\/en\/2022\/10\/iseg-represented-in-portugal-smart-cities-summit\/#respond\"]}]},{\"@type\":\"WebPage\",\"@id\":\"https:\/\/www.iseg.ulisboa.pt\/en\/2022\/10\/iseg-represented-in-portugal-smart-cities-summit\/\",\"url\":\"https:\/\/www.iseg.ulisboa.pt\/en\/2022\/10\/iseg-represented-in-portugal-smart-cities-summit\/\",\"name\":\"ISEG representado no Portugal Smart Cities Summit - ISEG\",\"isPartOf\":{\"@id\":\"https:\/\/www.iseg.ulisboa.pt\/en\/#website\"},\"primaryImageOfPage\":{\"@id\":\"https:\/\/www.iseg.ulisboa.pt\/en\/2022\/10\/iseg-represented-in-portugal-smart-cities-summit\/#primaryimage\"},\"image\":{\"@id\":\"https:\/\/www.iseg.ulisboa.pt\/en\/2022\/10\/iseg-represented-in-portugal-smart-cities-summit\/#primaryimage\"},\"thumbnailUrl\":\"https:\/\/www.iseg.ulisboa.pt\/wp-content\/uploads\/2022\/10\/Portugal-Smart-Cities-Summit.jpeg\",\"datePublished\":\"2022-10-13T14:07:11+00:00\",\"dateModified\":\"2022-10-14T16:46:25+00:00\",\"breadcrumb\":{\"@id\":\"https:\/\/www.iseg.ulisboa.pt\/en\/2022\/10\/iseg-represented-in-portugal-smart-cities-summit\/#breadcrumb\"},\"inLanguage\":\"en-US\",\"potentialAction\":[{\"@type\":\"ReadAction\",\"target\":[\"https:\/\/www.iseg.ulisboa.pt\/en\/2022\/10\/iseg-represented-in-portugal-smart-cities-summit\/\"]}]},{\"@type\":\"ImageObject\",\"inLanguage\":\"en-US\",\"@id\":\"https:\/\/www.iseg.ulisboa.pt\/en\/2022\/10\/iseg-represented-in-portugal-smart-cities-summit\/#primaryimage\",\"url\":\"https:\/\/www.iseg.ulisboa.pt\/wp-content\/uploads\/2022\/10\/Portugal-Smart-Cities-Summit.jpeg\",\"contentUrl\":\"https:\/\/www.iseg.ulisboa.pt\/wp-content\/uploads\/2022\/10\/Portugal-Smart-Cities-Summit.jpeg\",\"width\":800,\"height\":400},{\"@type\":\"BreadcrumbList\",\"@id\":\"https:\/\/www.iseg.ulisboa.pt\/en\/2022\/10\/iseg-represented-in-portugal-smart-cities-summit\/#breadcrumb\",\"itemListElement\":[{\"@type\":\"ListItem\",\"position\":1,\"name\":\"Home\",\"item\":\"https:\/\/www.iseg.ulisboa.pt\/\"},{\"@type\":\"ListItem\",\"position\":2,\"name\":\"ISEG representado no Portugal Smart Cities Summit\"}]},{\"@type\":\"WebSite\",\"@id\":\"https:\/\/www.iseg.ulisboa.pt\/en\/#website\",\"url\":\"https:\/\/www.iseg.ulisboa.pt\/en\/\",\"name\":\"ISEG\",\"description\":\"Lisbon School of Economics &amp; Management\",\"publisher\":{\"@id\":\"https:\/\/www.iseg.ulisboa.pt\/en\/#organization\"},\"potentialAction\":[{\"@type\":\"SearchAction\",\"target\":{\"@type\":\"EntryPoint\",\"urlTemplate\":\"https:\/\/www.iseg.ulisboa.pt\/en\/?s={search_term_string}\"},\"query-input\":\"required name=search_term_string\"}],\"inLanguage\":\"en-US\"},{\"@type\":\"Organization\",\"@id\":\"https:\/\/www.iseg.ulisboa.pt\/en\/#organization\",\"name\":\"ISEG\",\"url\":\"https:\/\/www.iseg.ulisboa.pt\/en\/\",\"logo\":{\"@type\":\"ImageObject\",\"inLanguage\":\"en-US\",\"@id\":\"https:\/\/www.iseg.ulisboa.pt\/en\/#\/schema\/logo\/image\/\",\"url\":\"https:\/\/www.iseg.ulisboa.pt\/wp-content\/uploads\/2021\/02\/iseg-logo-ul.svg\",\"contentUrl\":\"https:\/\/www.iseg.ulisboa.pt\/wp-content\/uploads\/2021\/02\/iseg-logo-ul.svg\",\"width\":250,\"height\":120,\"caption\":\"ISEG\"},\"image\":{\"@id\":\"https:\/\/www.iseg.ulisboa.pt\/en\/#\/schema\/logo\/image\/\"},\"sameAs\":[\"https:\/\/www.facebook.com\/iseg.pt\",\"https:\/\/x.com\/iseglisbon\",\"https:\/\/www.instagram.com\/iseglisbon\/\",\"https:\/\/www.linkedin.com\/school\/iseglisbon\/\",\"https:\/\/www.youtube.com\/user\/DMREISEG\"]},{\"@type\":\"Person\",\"@id\":\"https:\/\/www.iseg.ulisboa.pt\/en\/#\/schema\/person\/59248331ac8722e5c16a131cb02aa6cb\",\"name\":\"irafael\",\"url\":\"https:\/\/www.iseg.ulisboa.pt\/en\/author\/irafael\/\"}]}<\/script>\n<!-- \/ Yoast SEO plugin. -->","yoast_head_json":{"title":"ISEG represented at the Portugal Smart Cities Summit - ISEG","robots":{"index":"index","follow":"follow","max-snippet":"max-snippet:-1","max-image-preview":"max-image-preview:large","max-video-preview":"max-video-preview:-1"},"canonical":"https:\/\/www.iseg.ulisboa.pt\/en\/2022\/10\/iseg-represented-in-portugal-smart-cities-summit\/","twitter_misc":{"Written by":"irafael","Est. reading time":"1 minute"},"schema":{"@context":"https:\/\/schema.org","@graph":[{"@type":"Article","@id":"https:\/\/www.iseg.ulisboa.pt\/en\/2022\/10\/iseg-represented-in-portugal-smart-cities-summit\/#article","isPartOf":{"@id":"https:\/\/www.iseg.ulisboa.pt\/en\/2022\/10\/iseg-represented-in-portugal-smart-cities-summit\/"},"author":{"name":"irafael","@id":"https:\/\/www.iseg.ulisboa.pt\/en\/#\/schema\/person\/59248331ac8722e5c16a131cb02aa6cb"},"headline":"ISEG representado no Portugal Smart Cities Summit","datePublished":"2022-10-13T14:07:11+00:00","dateModified":"2022-10-14T16:46:25+00:00","mainEntityOfPage":{"@id":"https:\/\/www.iseg.ulisboa.pt\/en\/2022\/10\/iseg-represented-in-portugal-smart-cities-summit\/"},"wordCount":292,"commentCount":0,"publisher":{"@id":"https:\/\/www.iseg.ulisboa.pt\/en\/#organization"},"image":{"@id":"https:\/\/www.iseg.ulisboa.pt\/en\/2022\/10\/iseg-represented-in-portugal-smart-cities-summit\/#primaryimage"},"thumbnailUrl":"https:\/\/www.iseg.ulisboa.pt\/wp-content\/uploads\/2022\/10\/Portugal-Smart-Cities-Summit.jpeg","articleSection":["Outras"],"inLanguage":"en-US","potentialAction":[{"@type":"CommentAction","name":"Comment","target":["https:\/\/www.iseg.ulisboa.pt\/en\/2022\/10\/iseg-represented-in-portugal-smart-cities-summit\/#respond"]}]},{"@type":"WebPage","@id":"https:\/\/www.iseg.ulisboa.pt\/en\/2022\/10\/iseg-represented-in-portugal-smart-cities-summit\/","url":"https:\/\/www.iseg.ulisboa.pt\/en\/2022\/10\/iseg-represented-in-portugal-smart-cities-summit\/","name":"ISEG represented at the Portugal Smart Cities Summit - ISEG","isPartOf":{"@id":"https:\/\/www.iseg.ulisboa.pt\/en\/#website"},"primaryImageOfPage":{"@id":"https:\/\/www.iseg.ulisboa.pt\/en\/2022\/10\/iseg-represented-in-portugal-smart-cities-summit\/#primaryimage"},"image":{"@id":"https:\/\/www.iseg.ulisboa.pt\/en\/2022\/10\/iseg-represented-in-portugal-smart-cities-summit\/#primaryimage"},"thumbnailUrl":"https:\/\/www.iseg.ulisboa.pt\/wp-content\/uploads\/2022\/10\/Portugal-Smart-Cities-Summit.jpeg","datePublished":"2022-10-13T14:07:11+00:00","dateModified":"2022-10-14T16:46:25+00:00","breadcrumb":{"@id":"https:\/\/www.iseg.ulisboa.pt\/en\/2022\/10\/iseg-represented-in-portugal-smart-cities-summit\/#breadcrumb"},"inLanguage":"en-US","potentialAction":[{"@type":"ReadAction","target":["https:\/\/www.iseg.ulisboa.pt\/en\/2022\/10\/iseg-represented-in-portugal-smart-cities-summit\/"]}]},{"@type":"ImageObject","inLanguage":"en-US","@id":"https:\/\/www.iseg.ulisboa.pt\/en\/2022\/10\/iseg-represented-in-portugal-smart-cities-summit\/#primaryimage","url":"https:\/\/www.iseg.ulisboa.pt\/wp-content\/uploads\/2022\/10\/Portugal-Smart-Cities-Summit.jpeg","contentUrl":"https:\/\/www.iseg.ulisboa.pt\/wp-content\/uploads\/2022\/10\/Portugal-Smart-Cities-Summit.jpeg","width":800,"height":400},{"@type":"BreadcrumbList","@id":"https:\/\/www.iseg.ulisboa.pt\/en\/2022\/10\/iseg-represented-in-portugal-smart-cities-summit\/#breadcrumb","itemListElement":[{"@type":"ListItem","position":1,"name":"Home","item":"https:\/\/www.iseg.ulisboa.pt\/"},{"@type":"ListItem","position":2,"name":"ISEG representado no Portugal Smart Cities Summit"}]},{"@type":"WebSite","@id":"https:\/\/www.iseg.ulisboa.pt\/en\/#website","url":"https:\/\/www.iseg.ulisboa.pt\/en\/","name":"ISEG","description":"Lisbon School of Economics &amp; Management","publisher":{"@id":"https:\/\/www.iseg.ulisboa.pt\/en\/#organization"},"potentialAction":[{"@type":"SearchAction","target":{"@type":"EntryPoint","urlTemplate":"https:\/\/www.iseg.ulisboa.pt\/en\/?s={search_term_string}"},"query-input":"required name=search_term_string"}],"inLanguage":"en-US"},{"@type":"Organization","@id":"https:\/\/www.iseg.ulisboa.pt\/en\/#organization","name":"ISEG","url":"https:\/\/www.iseg.ulisboa.pt\/en\/","logo":{"@type":"ImageObject","inLanguage":"en-US","@id":"https:\/\/www.iseg.ulisboa.pt\/en\/#\/schema\/logo\/image\/","url":"https:\/\/www.iseg.ulisboa.pt\/wp-content\/uploads\/2021\/02\/iseg-logo-ul.svg","contentUrl":"https:\/\/www.iseg.ulisboa.pt\/wp-content\/uploads\/2021\/02\/iseg-logo-ul.svg","width":250,"height":120,"caption":"ISEG"},"image":{"@id":"https:\/\/www.iseg.ulisboa.pt\/en\/#\/schema\/logo\/image\/"},"sameAs":["https:\/\/www.facebook.com\/iseg.pt","https:\/\/x.com\/iseglisbon","https:\/\/www.instagram.com\/iseglisbon\/","https:\/\/www.linkedin.com\/school\/iseglisbon\/","https:\/\/www.youtube.com\/user\/DMREISEG"]},{"@type":"Person","@id":"https:\/\/www.iseg.ulisboa.pt\/en\/#\/schema\/person\/59248331ac8722e5c16a131cb02aa6cb","name":"irafael","url":"https:\/\/www.iseg.ulisboa.pt\/en\/author\/irafael\/"}]}},"uagb_featured_image_src":{"full":["https:\/\/www.iseg.ulisboa.pt\/wp-content\/uploads\/2022\/10\/Portugal-Smart-Cities-Summit.jpeg",800,400,false],"thumbnail":["https:\/\/www.iseg.ulisboa.pt\/wp-content\/uploads\/2022\/10\/Portugal-Smart-Cities-Summit-150x150.jpeg",150,150,true],"medium":["https:\/\/www.iseg.ulisboa.pt\/wp-content\/uploads\/2022\/10\/Portugal-Smart-Cities-Summit-300x150.jpeg",300,150,true],"medium_large":["https:\/\/www.iseg.ulisboa.pt\/wp-content\/uploads\/2022\/10\/Portugal-Smart-Cities-Summit.jpeg",768,384,false],"large":["https:\/\/www.iseg.ulisboa.pt\/wp-content\/uploads\/2022\/10\/Portugal-Smart-Cities-Summit.jpeg",800,400,false],"1536x1536":["https:\/\/www.iseg.ulisboa.pt\/wp-content\/uploads\/2022\/10\/Portugal-Smart-Cities-Summit.jpeg",800,400,false],"2048x2048":["https:\/\/www.iseg.ulisboa.pt\/wp-content\/uploads\/2022\/10\/Portugal-Smart-Cities-Summit.jpeg",800,400,false],"trp-custom-language-flag":["https:\/\/www.iseg.ulisboa.pt\/wp-content\/uploads\/2022\/10\/Portugal-Smart-Cities-Summit.jpeg",18,9,false]},"uagb_author_info":{"display_name":"irafael","author_link":"https:\/\/www.iseg.ulisboa.pt\/en\/author\/irafael\/"},"uagb_comment_info":0,"uagb_excerpt":"At\u00e9 dia 13 de Outubro, o ISEG est\u00e1 presente no \u201cPortugal Smart Cities Summit\u201d, evento que re\u00fane os mais diversos setores de atividade para refletirem sobre o futuro da organiza\u00e7\u00e3o&nbsp;[...]","_links":{"self":[{"href":"https:\/\/www.iseg.ulisboa.pt\/en\/wp-json\/wp\/v2\/posts\/28967"}],"collection":[{"href":"https:\/\/www.iseg.ulisboa.pt\/en\/wp-json\/wp\/v2\/posts"}],"about":[{"href":"https:\/\/www.iseg.ulisboa.pt\/en\/wp-json\/wp\/v2\/types\/post"}],"author":[{"embeddable":true,"href":"https:\/\/www.iseg.ulisboa.pt\/en\/wp-json\/wp\/v2\/users\/6"}],"replies":[{"embeddable":true,"href":"https:\/\/www.iseg.ulisboa.pt\/en\/wp-json\/wp\/v2\/comments?post=28967"}],"version-history":[{"count":0,"href":"https:\/\/www.iseg.ulisboa.pt\/en\/wp-json\/wp\/v2\/posts\/28967\/revisions"}],"wp:featuredmedia":[{"embeddable":true,"href":"https:\/\/www.iseg.ulisboa.pt\/en\/wp-json\/wp\/v2\/media\/28993"}],"wp:attachment":[{"href":"https:\/\/www.iseg.ulisboa.pt\/en\/wp-json\/wp\/v2\/media?parent=28967"}],"wp:term":[{"taxonomy":"category","embeddable":true,"href":"https:\/\/www.iseg.ulisboa.pt\/en\/wp-json\/wp\/v2\/categories?post=28967"},{"taxonomy":"topic","embeddable":true,"href":"https:\/\/www.iseg.ulisboa.pt\/en\/wp-json\/wp\/v2\/topic?post=28967"}],"curies":[{"name":"wp","href":"https:\/\/api.w.org\/{rel}","templated":true}]}}