{"id":38485,"date":"2023-05-11T11:34:42","date_gmt":"2023-05-11T11:34:42","guid":{"rendered":"https:\/\/www.iseg.ulisboa.pt\/?p=38485"},"modified":"2023-05-11T11:35:06","modified_gmt":"2023-05-11T11:35:06","slug":"iseg-nominated-for-marketeer-awards-2023","status":"publish","type":"post","link":"https:\/\/www.iseg.ulisboa.pt\/en\/2023\/05\/iseg-nominated-for-marketeer-awards-2023\/","title":{"rendered":"ISEG nominated for the 2023 Marketeer awards"},"content":{"rendered":"<p>The <strong>ISEG<\/strong> is a finalist for the <strong>Marketeer 2023 Awards<\/strong> in the category of <strong>best educational establishment.<\/strong><\/p>\n\n\n\n<p>Voting for the \"Marketeer 2023 Awards\" is now open and will run until&nbsp;<strong>the 31st May.<\/strong><\/p>\n\n\n\n<p><strong>VOTE ISEG&nbsp;<a rel=\"noreferrer noopener\" href=\"http:\/\/elink.iseg.ulisboa.pt\/c\/7\/eyJhaSI6NTMwNDQyNTksImUiOiJwYXVsYS5tb250ZWlyb0Bpc2VnLnVsaXNib2EucHQiLCJyaSI6ImNvbnRhY3QtZGY0Nzk4YTg4OTc0ZWQxMTgxYWIwMDIyNDg5Y2FiZmEtZDc4Mzk3M2JjMWE5NDE4Yzk4YjIyYWE0MTBjZDY2MTgiLCJycSI6IjAyLWIyMzEwMy05ZTcwY2Y5Y2VhYWI0MzVhOWEwNTRhNTgxMmFlZDFiYiIsInBoIjpudWxsLCJtIjpmYWxzZSwidWkiOiIzMyIsInVuIjoiIiwidSI6Imh0dHBzOi8vbXVsdGlwdWJsaWNhY29lcy5zdXJ2ZXkuZm0vcHIlQzMlQTltaW9zLW1hcmtldGVlci0yMDIzP3A9MSZfY2xkZWU9angxaVlOX2Y4SlYyWmRYN1RyNDRiNTY3VV80TUY3LTl1WWJmX3hQNG5RZFdod0xXTFNRcjV4aUdZTGd0cFlqRWRKUUViSFlaQUtObDNiYUZpS2RWV2cmcmVjaXBpZW50aWQ9Y29udGFjdC1kZjQ3OThhODg5NzRlZDExODFhYjAwMjI0ODljYWJmYS1kNzgzOTczYmMxYTk0MThjOThiMjJhYTQxMGNkNjYxOCZlc2lkPTllN2JhZGY5LTNiZDktZWQxMS1hN2M3LTAwMjI0ODljYTEzZSJ9\/xkHUzktsc2jaflYdeOU4fw\" target=\"_blank\">on this link<\/a>!<\/strong><\/p>\n\n\n\n<p>The award ceremony is scheduled for\u00a0<strong>4 July<\/strong>. The event will take place at the \"Convento do Beato\", in Lisbon.<\/p>","protected":false},"excerpt":{"rendered":"ISEG is a finalist for the 2023 Marketeer Awards in the category of best educational institution. Voting for the \u201c2023 Marketeer Awards\u201d is now open and will continue until the 31st [\u2026]","protected":false},"author":9,"featured_media":38488,"comment_status":"closed","ping_status":"closed","sticky":false,"template":"","format":"standard","meta":{"inline_featured_image":false,"_uag_custom_page_level_css":"","footnotes":""},"categories":[1252],"topic":[],"acf":[],"yoast_head":"<!-- This site is optimized with the Yoast SEO plugin v22.6 - https:\/\/yoast.com\/wordpress\/plugins\/seo\/ -->\n<title>ISEG nomeado para os pr\u00e9mios Marketeer 2023 - ISEG<\/title>\n<meta name=\"robots\" content=\"index, follow, max-snippet:-1, max-image-preview:large, max-video-preview:-1\" \/>\n<link rel=\"canonical\" href=\"https:\/\/www.iseg.ulisboa.pt\/en\/2023\/05\/iseg-nominated-for-marketeer-awards-2023\/\" \/>\n<meta name=\"twitter:label1\" content=\"Written by\" \/>\n\t<meta name=\"twitter:data1\" content=\"paulamonteiro\" \/>\n<script type=\"application\/ld+json\" class=\"yoast-schema-graph\">{\"@context\":\"https:\/\/schema.org\",\"@graph\":[{\"@type\":\"Article\",\"@id\":\"https:\/\/www.iseg.ulisboa.pt\/en\/2023\/05\/iseg-nominated-for-marketeer-awards-2023\/#article\",\"isPartOf\":{\"@id\":\"https:\/\/www.iseg.ulisboa.pt\/en\/2023\/05\/iseg-nominated-for-marketeer-awards-2023\/\"},\"author\":{\"name\":\"paulamonteiro\",\"@id\":\"https:\/\/www.iseg.ulisboa.pt\/en\/#\/schema\/person\/7e9048e7009ca3bad7dc5a89b8470067\"},\"headline\":\"ISEG nomeado para os pr\u00e9mios Marketeer 2023\",\"datePublished\":\"2023-05-11T11:34:42+00:00\",\"dateModified\":\"2023-05-11T11:35:06+00:00\",\"mainEntityOfPage\":{\"@id\":\"https:\/\/www.iseg.ulisboa.pt\/en\/2023\/05\/iseg-nominated-for-marketeer-awards-2023\/\"},\"wordCount\":71,\"publisher\":{\"@id\":\"https:\/\/www.iseg.ulisboa.pt\/en\/#organization\"},\"image\":{\"@id\":\"https:\/\/www.iseg.ulisboa.pt\/en\/2023\/05\/iseg-nominated-for-marketeer-awards-2023\/#primaryimage\"},\"thumbnailUrl\":\"https:\/\/www.iseg.ulisboa.pt\/wp-content\/uploads\/2023\/05\/PMkt23_Site.png\",\"articleSection\":[\"Pr\u00e9mios e Distin\u00e7\u00f5es\"],\"inLanguage\":\"en-US\"},{\"@type\":\"WebPage\",\"@id\":\"https:\/\/www.iseg.ulisboa.pt\/en\/2023\/05\/iseg-nominated-for-marketeer-awards-2023\/\",\"url\":\"https:\/\/www.iseg.ulisboa.pt\/en\/2023\/05\/iseg-nominated-for-marketeer-awards-2023\/\",\"name\":\"ISEG nomeado para os pr\u00e9mios Marketeer 2023 - ISEG\",\"isPartOf\":{\"@id\":\"https:\/\/www.iseg.ulisboa.pt\/en\/#website\"},\"primaryImageOfPage\":{\"@id\":\"https:\/\/www.iseg.ulisboa.pt\/en\/2023\/05\/iseg-nominated-for-marketeer-awards-2023\/#primaryimage\"},\"image\":{\"@id\":\"https:\/\/www.iseg.ulisboa.pt\/en\/2023\/05\/iseg-nominated-for-marketeer-awards-2023\/#primaryimage\"},\"thumbnailUrl\":\"https:\/\/www.iseg.ulisboa.pt\/wp-content\/uploads\/2023\/05\/PMkt23_Site.png\",\"datePublished\":\"2023-05-11T11:34:42+00:00\",\"dateModified\":\"2023-05-11T11:35:06+00:00\",\"breadcrumb\":{\"@id\":\"https:\/\/www.iseg.ulisboa.pt\/en\/2023\/05\/iseg-nominated-for-marketeer-awards-2023\/#breadcrumb\"},\"inLanguage\":\"en-US\",\"potentialAction\":[{\"@type\":\"ReadAction\",\"target\":[\"https:\/\/www.iseg.ulisboa.pt\/en\/2023\/05\/iseg-nominated-for-marketeer-awards-2023\/\"]}]},{\"@type\":\"ImageObject\",\"inLanguage\":\"en-US\",\"@id\":\"https:\/\/www.iseg.ulisboa.pt\/en\/2023\/05\/iseg-nominated-for-marketeer-awards-2023\/#primaryimage\",\"url\":\"https:\/\/www.iseg.ulisboa.pt\/wp-content\/uploads\/2023\/05\/PMkt23_Site.png\",\"contentUrl\":\"https:\/\/www.iseg.ulisboa.pt\/wp-content\/uploads\/2023\/05\/PMkt23_Site.png\",\"width\":1200,\"height\":600},{\"@type\":\"BreadcrumbList\",\"@id\":\"https:\/\/www.iseg.ulisboa.pt\/en\/2023\/05\/iseg-nominated-for-marketeer-awards-2023\/#breadcrumb\",\"itemListElement\":[{\"@type\":\"ListItem\",\"position\":1,\"name\":\"Home\",\"item\":\"https:\/\/www.iseg.ulisboa.pt\/\"},{\"@type\":\"ListItem\",\"position\":2,\"name\":\"ISEG nomeado para os pr\u00e9mios Marketeer 2023\"}]},{\"@type\":\"WebSite\",\"@id\":\"https:\/\/www.iseg.ulisboa.pt\/en\/#website\",\"url\":\"https:\/\/www.iseg.ulisboa.pt\/en\/\",\"name\":\"ISEG\",\"description\":\"Lisbon School of Economics &amp; Management\",\"publisher\":{\"@id\":\"https:\/\/www.iseg.ulisboa.pt\/en\/#organization\"},\"potentialAction\":[{\"@type\":\"SearchAction\",\"target\":{\"@type\":\"EntryPoint\",\"urlTemplate\":\"https:\/\/www.iseg.ulisboa.pt\/en\/?s={search_term_string}\"},\"query-input\":\"required name=search_term_string\"}],\"inLanguage\":\"en-US\"},{\"@type\":\"Organization\",\"@id\":\"https:\/\/www.iseg.ulisboa.pt\/en\/#organization\",\"name\":\"ISEG\",\"url\":\"https:\/\/www.iseg.ulisboa.pt\/en\/\",\"logo\":{\"@type\":\"ImageObject\",\"inLanguage\":\"en-US\",\"@id\":\"https:\/\/www.iseg.ulisboa.pt\/en\/#\/schema\/logo\/image\/\",\"url\":\"https:\/\/www.iseg.ulisboa.pt\/wp-content\/uploads\/2021\/02\/iseg-logo-ul.svg\",\"contentUrl\":\"https:\/\/www.iseg.ulisboa.pt\/wp-content\/uploads\/2021\/02\/iseg-logo-ul.svg\",\"width\":250,\"height\":120,\"caption\":\"ISEG\"},\"image\":{\"@id\":\"https:\/\/www.iseg.ulisboa.pt\/en\/#\/schema\/logo\/image\/\"},\"sameAs\":[\"https:\/\/www.facebook.com\/iseg.pt\",\"https:\/\/x.com\/iseglisbon\",\"https:\/\/www.instagram.com\/iseglisbon\/\",\"https:\/\/www.linkedin.com\/school\/iseglisbon\/\",\"https:\/\/www.youtube.com\/user\/DMREISEG\"]},{\"@type\":\"Person\",\"@id\":\"https:\/\/www.iseg.ulisboa.pt\/en\/#\/schema\/person\/7e9048e7009ca3bad7dc5a89b8470067\",\"name\":\"paulamonteiro\",\"url\":\"https:\/\/www.iseg.ulisboa.pt\/en\/author\/paulamonteiro\/\"}]}<\/script>\n<!-- \/ Yoast SEO plugin. -->","yoast_head_json":{"title":"ISEG nominated for Marketeer 2023 awards - ISEG","robots":{"index":"index","follow":"follow","max-snippet":"max-snippet:-1","max-image-preview":"max-image-preview:large","max-video-preview":"max-video-preview:-1"},"canonical":"https:\/\/www.iseg.ulisboa.pt\/en\/2023\/05\/iseg-nominated-for-marketeer-awards-2023\/","twitter_misc":{"Written by":"paulamonteiro"},"schema":{"@context":"https:\/\/schema.org","@graph":[{"@type":"Article","@id":"https:\/\/www.iseg.ulisboa.pt\/en\/2023\/05\/iseg-nominated-for-marketeer-awards-2023\/#article","isPartOf":{"@id":"https:\/\/www.iseg.ulisboa.pt\/en\/2023\/05\/iseg-nominated-for-marketeer-awards-2023\/"},"author":{"name":"paulamonteiro","@id":"https:\/\/www.iseg.ulisboa.pt\/en\/#\/schema\/person\/7e9048e7009ca3bad7dc5a89b8470067"},"headline":"ISEG nomeado para os pr\u00e9mios Marketeer 2023","datePublished":"2023-05-11T11:34:42+00:00","dateModified":"2023-05-11T11:35:06+00:00","mainEntityOfPage":{"@id":"https:\/\/www.iseg.ulisboa.pt\/en\/2023\/05\/iseg-nominated-for-marketeer-awards-2023\/"},"wordCount":71,"publisher":{"@id":"https:\/\/www.iseg.ulisboa.pt\/en\/#organization"},"image":{"@id":"https:\/\/www.iseg.ulisboa.pt\/en\/2023\/05\/iseg-nominated-for-marketeer-awards-2023\/#primaryimage"},"thumbnailUrl":"https:\/\/www.iseg.ulisboa.pt\/wp-content\/uploads\/2023\/05\/PMkt23_Site.png","articleSection":["Pr\u00e9mios e Distin\u00e7\u00f5es"],"inLanguage":"en-US"},{"@type":"WebPage","@id":"https:\/\/www.iseg.ulisboa.pt\/en\/2023\/05\/iseg-nominated-for-marketeer-awards-2023\/","url":"https:\/\/www.iseg.ulisboa.pt\/en\/2023\/05\/iseg-nominated-for-marketeer-awards-2023\/","name":"ISEG nominated for Marketeer 2023 awards - ISEG","isPartOf":{"@id":"https:\/\/www.iseg.ulisboa.pt\/en\/#website"},"primaryImageOfPage":{"@id":"https:\/\/www.iseg.ulisboa.pt\/en\/2023\/05\/iseg-nominated-for-marketeer-awards-2023\/#primaryimage"},"image":{"@id":"https:\/\/www.iseg.ulisboa.pt\/en\/2023\/05\/iseg-nominated-for-marketeer-awards-2023\/#primaryimage"},"thumbnailUrl":"https:\/\/www.iseg.ulisboa.pt\/wp-content\/uploads\/2023\/05\/PMkt23_Site.png","datePublished":"2023-05-11T11:34:42+00:00","dateModified":"2023-05-11T11:35:06+00:00","breadcrumb":{"@id":"https:\/\/www.iseg.ulisboa.pt\/en\/2023\/05\/iseg-nominated-for-marketeer-awards-2023\/#breadcrumb"},"inLanguage":"en-US","potentialAction":[{"@type":"ReadAction","target":["https:\/\/www.iseg.ulisboa.pt\/en\/2023\/05\/iseg-nominated-for-marketeer-awards-2023\/"]}]},{"@type":"ImageObject","inLanguage":"en-US","@id":"https:\/\/www.iseg.ulisboa.pt\/en\/2023\/05\/iseg-nominated-for-marketeer-awards-2023\/#primaryimage","url":"https:\/\/www.iseg.ulisboa.pt\/wp-content\/uploads\/2023\/05\/PMkt23_Site.png","contentUrl":"https:\/\/www.iseg.ulisboa.pt\/wp-content\/uploads\/2023\/05\/PMkt23_Site.png","width":1200,"height":600},{"@type":"BreadcrumbList","@id":"https:\/\/www.iseg.ulisboa.pt\/en\/2023\/05\/iseg-nominated-for-marketeer-awards-2023\/#breadcrumb","itemListElement":[{"@type":"ListItem","position":1,"name":"Home","item":"https:\/\/www.iseg.ulisboa.pt\/"},{"@type":"ListItem","position":2,"name":"ISEG nomeado para os pr\u00e9mios Marketeer 2023"}]},{"@type":"WebSite","@id":"https:\/\/www.iseg.ulisboa.pt\/en\/#website","url":"https:\/\/www.iseg.ulisboa.pt\/en\/","name":"ISEG","description":"Lisbon School of Economics &amp; Management","publisher":{"@id":"https:\/\/www.iseg.ulisboa.pt\/en\/#organization"},"potentialAction":[{"@type":"SearchAction","target":{"@type":"EntryPoint","urlTemplate":"https:\/\/www.iseg.ulisboa.pt\/en\/?s={search_term_string}"},"query-input":"required name=search_term_string"}],"inLanguage":"en-US"},{"@type":"Organization","@id":"https:\/\/www.iseg.ulisboa.pt\/en\/#organization","name":"ISEG","url":"https:\/\/www.iseg.ulisboa.pt\/en\/","logo":{"@type":"ImageObject","inLanguage":"en-US","@id":"https:\/\/www.iseg.ulisboa.pt\/en\/#\/schema\/logo\/image\/","url":"https:\/\/www.iseg.ulisboa.pt\/wp-content\/uploads\/2021\/02\/iseg-logo-ul.svg","contentUrl":"https:\/\/www.iseg.ulisboa.pt\/wp-content\/uploads\/2021\/02\/iseg-logo-ul.svg","width":250,"height":120,"caption":"ISEG"},"image":{"@id":"https:\/\/www.iseg.ulisboa.pt\/en\/#\/schema\/logo\/image\/"},"sameAs":["https:\/\/www.facebook.com\/iseg.pt","https:\/\/x.com\/iseglisbon","https:\/\/www.instagram.com\/iseglisbon\/","https:\/\/www.linkedin.com\/school\/iseglisbon\/","https:\/\/www.youtube.com\/user\/DMREISEG"]},{"@type":"Person","@id":"https:\/\/www.iseg.ulisboa.pt\/en\/#\/schema\/person\/7e9048e7009ca3bad7dc5a89b8470067","name":"paulamonteiro","url":"https:\/\/www.iseg.ulisboa.pt\/en\/author\/paulamonteiro\/"}]}},"uagb_featured_image_src":{"full":["https:\/\/www.iseg.ulisboa.pt\/wp-content\/uploads\/2023\/05\/PMkt23_Site.png",1200,600,false],"thumbnail":["https:\/\/www.iseg.ulisboa.pt\/wp-content\/uploads\/2023\/05\/PMkt23_Site-150x150.png",150,150,true],"medium":["https:\/\/www.iseg.ulisboa.pt\/wp-content\/uploads\/2023\/05\/PMkt23_Site-300x150.png",300,150,true],"medium_large":["https:\/\/www.iseg.ulisboa.pt\/wp-content\/uploads\/2023\/05\/PMkt23_Site.png",768,384,false],"large":["https:\/\/www.iseg.ulisboa.pt\/wp-content\/uploads\/2023\/05\/PMkt23_Site.png",1024,512,false],"1536x1536":["https:\/\/www.iseg.ulisboa.pt\/wp-content\/uploads\/2023\/05\/PMkt23_Site.png",1200,600,false],"2048x2048":["https:\/\/www.iseg.ulisboa.pt\/wp-content\/uploads\/2023\/05\/PMkt23_Site.png",1200,600,false],"trp-custom-language-flag":["https:\/\/www.iseg.ulisboa.pt\/wp-content\/uploads\/2023\/05\/PMkt23_Site-18x9.png",18,9,true]},"uagb_author_info":{"display_name":"paulamonteiro","author_link":"https:\/\/www.iseg.ulisboa.pt\/en\/author\/paulamonteiro\/"},"uagb_comment_info":0,"uagb_excerpt":"O ISEG \u00e9 finalista para os Pr\u00e9mios Marketeer 2023 na categoria de melhor estabelecimento de ensino. As vota\u00e7\u00f5es para os \u201cPr\u00e9mios Marketeer 2023\u201d est\u00e3o abertas e decorrem at\u00e9 ao dia&nbsp;31&nbsp;[...]","_links":{"self":[{"href":"https:\/\/www.iseg.ulisboa.pt\/en\/wp-json\/wp\/v2\/posts\/38485"}],"collection":[{"href":"https:\/\/www.iseg.ulisboa.pt\/en\/wp-json\/wp\/v2\/posts"}],"about":[{"href":"https:\/\/www.iseg.ulisboa.pt\/en\/wp-json\/wp\/v2\/types\/post"}],"author":[{"embeddable":true,"href":"https:\/\/www.iseg.ulisboa.pt\/en\/wp-json\/wp\/v2\/users\/9"}],"replies":[{"embeddable":true,"href":"https:\/\/www.iseg.ulisboa.pt\/en\/wp-json\/wp\/v2\/comments?post=38485"}],"version-history":[{"count":0,"href":"https:\/\/www.iseg.ulisboa.pt\/en\/wp-json\/wp\/v2\/posts\/38485\/revisions"}],"wp:featuredmedia":[{"embeddable":true,"href":"https:\/\/www.iseg.ulisboa.pt\/en\/wp-json\/wp\/v2\/media\/38488"}],"wp:attachment":[{"href":"https:\/\/www.iseg.ulisboa.pt\/en\/wp-json\/wp\/v2\/media?parent=38485"}],"wp:term":[{"taxonomy":"category","embeddable":true,"href":"https:\/\/www.iseg.ulisboa.pt\/en\/wp-json\/wp\/v2\/categories?post=38485"},{"taxonomy":"topic","embeddable":true,"href":"https:\/\/www.iseg.ulisboa.pt\/en\/wp-json\/wp\/v2\/topic?post=38485"}],"curies":[{"name":"wp","href":"https:\/\/api.w.org\/{rel}","templated":true}]}}