{"id":54569,"date":"2025-01-06T12:08:18","date_gmt":"2025-01-06T12:08:18","guid":{"rendered":"https:\/\/www.iseg.ulisboa.pt\/?p=54569"},"modified":"2025-01-06T12:18:37","modified_gmt":"2025-01-06T12:18:37","slug":"cycle-of-cinema-and-decolonization-deconstructing-colonialism-decolonizing-the-imagination","status":"publish","type":"post","link":"https:\/\/www.iseg.ulisboa.pt\/en\/2025\/01\/cycle-of-cinema-and-decolonization-deconstructing-colonialism-decolonizing-the-imagination\/","title":{"rendered":"Cinema and Decolonization Cycle 'Deconstructing Colonialism, Decolonizing the Imaginary'"},"content":{"rendered":"<p>The <strong>Cinema and Decolonisation Cycle<\/strong>\u00a0returns with the new 2024\/2025 season, bringing monthly sessions in film club format to explore the legacies and memories of decolonization. The initiative runs parallel to the exhibition <em>Deconstructing Colonialism, Decolonizing the Imaginary. Portuguese Colonialism in Africa: Myths and Realities<\/em>at the National Museum of Ethnology until November 2, 2025.<\/p>\n\n\n\n<p>Having already held a first session at <strong>9<\/strong> <strong>November, the next sessions will take place from February to June 2025<\/strong>always at <strong>Saturdays at 10 a.m.<\/strong>. All screenings will take place <strong>in ISEG Auditorium 2<\/strong>With the exception of the screening on April 5, 2025, which will take place in the Auditorium of the National Museum of Ethnology (Avenida da Ilha da Madeira, 1400-203 Lisbon). Each screening will be attended by artists involved in the making of the films, as well as researchers and moderators appointed by the <a href=\"https:\/\/cesa.rc.iseg.ulisboa.pt\/\" target=\"_blank\" rel=\"noreferrer noopener\">CESA<\/a>.<\/p>\n\n\n\n<p><strong>About the Cycle of Cinema and Decolonization<\/strong><\/p>\n\n\n\n<p>There is an urgent need to understand decolonization as a process that is still underway, which must be accepted and integrated into social, political, cultural and personal dynamics. The project aims to create an open and dynamic space for sharing, where memories, narratives, dialogues and reflections can emerge. It is coordinated by researcher <a href=\"https:\/\/cesa.rc.iseg.ulisboa.pt\/investigacao\/investigacao-investigacao-2\/jfalconi\/\">Jessica Falconi<\/a>&nbsp;(CEsA\/CSG\/ISEG-ULisboa) and curated by Mozambican researcher and director <a href=\"https:\/\/cesa.rc.iseg.ulisboa.pt\/nevis\/publication\/view\/97\/1\/3\/12\/27\" target=\"_blank\" rel=\"noreferrer noopener\">Isabel Noronha<\/a>&nbsp;(CEsA\/CSG\/ISEG-ULisboa) and the filmmaker <a href=\"https:\/\/cesa.rc.iseg.ulisboa.pt\/nevis\/publication\/view\/123\/2\/3\/12\/27\" target=\"_blank\" rel=\"noreferrer noopener\">Camilo de Sousa<\/a>.<\/p>\n\n\n\n<p>Coordination: Jessica Falconi (CEsA\/CSG\/ISEG-ULisboa)<br>Curator: Isabel Noronha (CEsA\/CSG\/ISEG-ULisboa) and filmmaker Camilo de Sousa<br>Scientific advice: Isabel Castro Henriques (CEsA\/CSG\/ISEG-ULisboa), Joana Pereira Leite (CEsA\/CSG\/ISEG-ULisboa) and Ana Mafalda Leite (CEsA\/CSG\/ISEG-ULisboa)<br>Collaboration: Luca Fazzini and Jo\u00e3o Moreira Silva<br>Support: CEsA\/CSG\/ISEG-ULisboa<\/p>\n\n\n\n<figure class=\"wp-block-image size-full\"><img loading=\"lazy\" decoding=\"async\" width=\"1414\" height=\"2000\" src=\"https:\/\/www.iseg.ulisboa.pt\/wp-content\/uploads\/CCD-2024-Desconstruir-o-Colonialismo.png\" alt=\"\" class=\"wp-image-54571\" srcset=\"https:\/\/www.iseg.ulisboa.pt\/wp-content\/uploads\/CCD-2024-Desconstruir-o-Colonialismo.png 1414w, https:\/\/www.iseg.ulisboa.pt\/wp-content\/uploads\/CCD-2024-Desconstruir-o-Colonialismo-212x300.png 212w, https:\/\/www.iseg.ulisboa.pt\/wp-content\/uploads\/CCD-2024-Desconstruir-o-Colonialismo-1086x1536.png 1086w, https:\/\/www.iseg.ulisboa.pt\/wp-content\/uploads\/CCD-2024-Desconstruir-o-Colonialismo-8x12.png 8w\" sizes=\"(max-width: 1414px) 100vw, 1414px\" \/><\/figure>","protected":false},"excerpt":{"rendered":"The Cycle of Cinema and Decolonization returns with the new 2024\/2025 season, bringing monthly sessions in film club format to explore the legacies and memories of decolonization. The initiative runs in parallel [...]","protected":false},"author":51,"featured_media":54575,"comment_status":"closed","ping_status":"closed","sticky":false,"template":"","format":"standard","meta":{"inline_featured_image":false,"_uag_custom_page_level_css":"","footnotes":""},"categories":[1263],"topic":[1401,1403,3424],"acf":[],"yoast_head":"<!-- This site is optimized with the Yoast SEO plugin v22.6 - https:\/\/yoast.com\/wordpress\/plugins\/seo\/ -->\n<title>Ciclo de Cinema e Descoloniza\u00e7\u00e3o \u2018Desconstruir o Colonialismo, Descolonizar o Imagin\u00e1rio\u2019 - ISEG<\/title>\n<meta name=\"robots\" content=\"index, follow, max-snippet:-1, max-image-preview:large, max-video-preview:-1\" \/>\n<link rel=\"canonical\" href=\"https:\/\/www.iseg.ulisboa.pt\/en\/2025\/01\/cycle-of-cinema-and-decolonization-deconstructing-colonialism-decolonizing-the-imagination\/\" \/>\n<meta name=\"twitter:label1\" content=\"Written by\" \/>\n\t<meta name=\"twitter:data1\" content=\"marianafigueiredo\" \/>\n\t<meta name=\"twitter:label2\" content=\"Est. reading time\" \/>\n\t<meta name=\"twitter:data2\" content=\"2 minutes\" \/>\n<script type=\"application\/ld+json\" class=\"yoast-schema-graph\">{\"@context\":\"https:\/\/schema.org\",\"@graph\":[{\"@type\":\"Article\",\"@id\":\"https:\/\/www.iseg.ulisboa.pt\/en\/2025\/01\/cycle-of-cinema-and-decolonization-deconstructing-colonialism-decolonizing-the-imagination\/#article\",\"isPartOf\":{\"@id\":\"https:\/\/www.iseg.ulisboa.pt\/en\/2025\/01\/cycle-of-cinema-and-decolonization-deconstructing-colonialism-decolonizing-the-imagination\/\"},\"author\":{\"name\":\"marianafigueiredo\",\"@id\":\"https:\/\/www.iseg.ulisboa.pt\/en\/#\/schema\/person\/7dbfcd94a0528cf0ccb6f1d3b553e35e\"},\"headline\":\"Ciclo de Cinema e Descoloniza\u00e7\u00e3o \u2018Desconstruir o Colonialismo, Descolonizar o Imagin\u00e1rio\u2019\",\"datePublished\":\"2025-01-06T12:08:18+00:00\",\"dateModified\":\"2025-01-06T12:18:37+00:00\",\"mainEntityOfPage\":{\"@id\":\"https:\/\/www.iseg.ulisboa.pt\/en\/2025\/01\/cycle-of-cinema-and-decolonization-deconstructing-colonialism-decolonizing-the-imagination\/\"},\"wordCount\":314,\"publisher\":{\"@id\":\"https:\/\/www.iseg.ulisboa.pt\/en\/#organization\"},\"image\":{\"@id\":\"https:\/\/www.iseg.ulisboa.pt\/en\/2025\/01\/cycle-of-cinema-and-decolonization-deconstructing-colonialism-decolonizing-the-imagination\/#primaryimage\"},\"thumbnailUrl\":\"https:\/\/www.iseg.ulisboa.pt\/wp-content\/uploads\/Thumbnail-Ciclo-Cinema-e-Descolonizacao-2025.png\",\"articleSection\":[\"Research\"],\"inLanguage\":\"en-US\"},{\"@type\":\"WebPage\",\"@id\":\"https:\/\/www.iseg.ulisboa.pt\/en\/2025\/01\/cycle-of-cinema-and-decolonization-deconstructing-colonialism-decolonizing-the-imagination\/\",\"url\":\"https:\/\/www.iseg.ulisboa.pt\/en\/2025\/01\/cycle-of-cinema-and-decolonization-deconstructing-colonialism-decolonizing-the-imagination\/\",\"name\":\"Ciclo de Cinema e Descoloniza\u00e7\u00e3o \u2018Desconstruir o Colonialismo, Descolonizar o Imagin\u00e1rio\u2019 - ISEG\",\"isPartOf\":{\"@id\":\"https:\/\/www.iseg.ulisboa.pt\/en\/#website\"},\"primaryImageOfPage\":{\"@id\":\"https:\/\/www.iseg.ulisboa.pt\/en\/2025\/01\/cycle-of-cinema-and-decolonization-deconstructing-colonialism-decolonizing-the-imagination\/#primaryimage\"},\"image\":{\"@id\":\"https:\/\/www.iseg.ulisboa.pt\/en\/2025\/01\/cycle-of-cinema-and-decolonization-deconstructing-colonialism-decolonizing-the-imagination\/#primaryimage\"},\"thumbnailUrl\":\"https:\/\/www.iseg.ulisboa.pt\/wp-content\/uploads\/Thumbnail-Ciclo-Cinema-e-Descolonizacao-2025.png\",\"datePublished\":\"2025-01-06T12:08:18+00:00\",\"dateModified\":\"2025-01-06T12:18:37+00:00\",\"breadcrumb\":{\"@id\":\"https:\/\/www.iseg.ulisboa.pt\/en\/2025\/01\/cycle-of-cinema-and-decolonization-deconstructing-colonialism-decolonizing-the-imagination\/#breadcrumb\"},\"inLanguage\":\"en-US\",\"potentialAction\":[{\"@type\":\"ReadAction\",\"target\":[\"https:\/\/www.iseg.ulisboa.pt\/en\/2025\/01\/cycle-of-cinema-and-decolonization-deconstructing-colonialism-decolonizing-the-imagination\/\"]}]},{\"@type\":\"ImageObject\",\"inLanguage\":\"en-US\",\"@id\":\"https:\/\/www.iseg.ulisboa.pt\/en\/2025\/01\/cycle-of-cinema-and-decolonization-deconstructing-colonialism-decolonizing-the-imagination\/#primaryimage\",\"url\":\"https:\/\/www.iseg.ulisboa.pt\/wp-content\/uploads\/Thumbnail-Ciclo-Cinema-e-Descolonizacao-2025.png\",\"contentUrl\":\"https:\/\/www.iseg.ulisboa.pt\/wp-content\/uploads\/Thumbnail-Ciclo-Cinema-e-Descolonizacao-2025.png\",\"width\":1200,\"height\":630},{\"@type\":\"BreadcrumbList\",\"@id\":\"https:\/\/www.iseg.ulisboa.pt\/en\/2025\/01\/cycle-of-cinema-and-decolonization-deconstructing-colonialism-decolonizing-the-imagination\/#breadcrumb\",\"itemListElement\":[{\"@type\":\"ListItem\",\"position\":1,\"name\":\"Home\",\"item\":\"https:\/\/www.iseg.ulisboa.pt\/\"},{\"@type\":\"ListItem\",\"position\":2,\"name\":\"Ciclo de Cinema e Descoloniza\u00e7\u00e3o \u2018Desconstruir o Colonialismo, Descolonizar o Imagin\u00e1rio\u2019\"}]},{\"@type\":\"WebSite\",\"@id\":\"https:\/\/www.iseg.ulisboa.pt\/en\/#website\",\"url\":\"https:\/\/www.iseg.ulisboa.pt\/en\/\",\"name\":\"ISEG\",\"description\":\"Lisbon School of Economics &amp; Management\",\"publisher\":{\"@id\":\"https:\/\/www.iseg.ulisboa.pt\/en\/#organization\"},\"potentialAction\":[{\"@type\":\"SearchAction\",\"target\":{\"@type\":\"EntryPoint\",\"urlTemplate\":\"https:\/\/www.iseg.ulisboa.pt\/en\/?s={search_term_string}\"},\"query-input\":\"required name=search_term_string\"}],\"inLanguage\":\"en-US\"},{\"@type\":\"Organization\",\"@id\":\"https:\/\/www.iseg.ulisboa.pt\/en\/#organization\",\"name\":\"ISEG\",\"url\":\"https:\/\/www.iseg.ulisboa.pt\/en\/\",\"logo\":{\"@type\":\"ImageObject\",\"inLanguage\":\"en-US\",\"@id\":\"https:\/\/www.iseg.ulisboa.pt\/en\/#\/schema\/logo\/image\/\",\"url\":\"https:\/\/www.iseg.ulisboa.pt\/wp-content\/uploads\/2021\/02\/iseg-logo-ul.svg\",\"contentUrl\":\"https:\/\/www.iseg.ulisboa.pt\/wp-content\/uploads\/2021\/02\/iseg-logo-ul.svg\",\"width\":250,\"height\":120,\"caption\":\"ISEG\"},\"image\":{\"@id\":\"https:\/\/www.iseg.ulisboa.pt\/en\/#\/schema\/logo\/image\/\"},\"sameAs\":[\"https:\/\/www.facebook.com\/iseg.pt\",\"https:\/\/x.com\/iseglisbon\",\"https:\/\/www.instagram.com\/iseglisbon\/\",\"https:\/\/www.linkedin.com\/school\/iseglisbon\/\",\"https:\/\/www.youtube.com\/user\/DMREISEG\"]},{\"@type\":\"Person\",\"@id\":\"https:\/\/www.iseg.ulisboa.pt\/en\/#\/schema\/person\/7dbfcd94a0528cf0ccb6f1d3b553e35e\",\"name\":\"marianafigueiredo\",\"url\":\"https:\/\/www.iseg.ulisboa.pt\/en\/author\/marianafigueiredo\/\"}]}<\/script>\n<!-- \/ Yoast SEO plugin. -->","yoast_head_json":{"title":"Cinema and Decolonization Cycle 'Deconstructing Colonialism, Decolonizing the Imaginary' - ISEG","robots":{"index":"index","follow":"follow","max-snippet":"max-snippet:-1","max-image-preview":"max-image-preview:large","max-video-preview":"max-video-preview:-1"},"canonical":"https:\/\/www.iseg.ulisboa.pt\/en\/2025\/01\/cycle-of-cinema-and-decolonization-deconstructing-colonialism-decolonizing-the-imagination\/","twitter_misc":{"Written by":"marianafigueiredo","Est. reading time":"2 minutes"},"schema":{"@context":"https:\/\/schema.org","@graph":[{"@type":"Article","@id":"https:\/\/www.iseg.ulisboa.pt\/en\/2025\/01\/cycle-of-cinema-and-decolonization-deconstructing-colonialism-decolonizing-the-imagination\/#article","isPartOf":{"@id":"https:\/\/www.iseg.ulisboa.pt\/en\/2025\/01\/cycle-of-cinema-and-decolonization-deconstructing-colonialism-decolonizing-the-imagination\/"},"author":{"name":"marianafigueiredo","@id":"https:\/\/www.iseg.ulisboa.pt\/en\/#\/schema\/person\/7dbfcd94a0528cf0ccb6f1d3b553e35e"},"headline":"Ciclo de Cinema e Descoloniza\u00e7\u00e3o \u2018Desconstruir o Colonialismo, Descolonizar o Imagin\u00e1rio\u2019","datePublished":"2025-01-06T12:08:18+00:00","dateModified":"2025-01-06T12:18:37+00:00","mainEntityOfPage":{"@id":"https:\/\/www.iseg.ulisboa.pt\/en\/2025\/01\/cycle-of-cinema-and-decolonization-deconstructing-colonialism-decolonizing-the-imagination\/"},"wordCount":314,"publisher":{"@id":"https:\/\/www.iseg.ulisboa.pt\/en\/#organization"},"image":{"@id":"https:\/\/www.iseg.ulisboa.pt\/en\/2025\/01\/cycle-of-cinema-and-decolonization-deconstructing-colonialism-decolonizing-the-imagination\/#primaryimage"},"thumbnailUrl":"https:\/\/www.iseg.ulisboa.pt\/wp-content\/uploads\/Thumbnail-Ciclo-Cinema-e-Descolonizacao-2025.png","articleSection":["Research"],"inLanguage":"en-US"},{"@type":"WebPage","@id":"https:\/\/www.iseg.ulisboa.pt\/en\/2025\/01\/cycle-of-cinema-and-decolonization-deconstructing-colonialism-decolonizing-the-imagination\/","url":"https:\/\/www.iseg.ulisboa.pt\/en\/2025\/01\/cycle-of-cinema-and-decolonization-deconstructing-colonialism-decolonizing-the-imagination\/","name":"Cinema and Decolonization Cycle 'Deconstructing Colonialism, Decolonizing the Imaginary' - ISEG","isPartOf":{"@id":"https:\/\/www.iseg.ulisboa.pt\/en\/#website"},"primaryImageOfPage":{"@id":"https:\/\/www.iseg.ulisboa.pt\/en\/2025\/01\/cycle-of-cinema-and-decolonization-deconstructing-colonialism-decolonizing-the-imagination\/#primaryimage"},"image":{"@id":"https:\/\/www.iseg.ulisboa.pt\/en\/2025\/01\/cycle-of-cinema-and-decolonization-deconstructing-colonialism-decolonizing-the-imagination\/#primaryimage"},"thumbnailUrl":"https:\/\/www.iseg.ulisboa.pt\/wp-content\/uploads\/Thumbnail-Ciclo-Cinema-e-Descolonizacao-2025.png","datePublished":"2025-01-06T12:08:18+00:00","dateModified":"2025-01-06T12:18:37+00:00","breadcrumb":{"@id":"https:\/\/www.iseg.ulisboa.pt\/en\/2025\/01\/cycle-of-cinema-and-decolonization-deconstructing-colonialism-decolonizing-the-imagination\/#breadcrumb"},"inLanguage":"en-US","potentialAction":[{"@type":"ReadAction","target":["https:\/\/www.iseg.ulisboa.pt\/en\/2025\/01\/cycle-of-cinema-and-decolonization-deconstructing-colonialism-decolonizing-the-imagination\/"]}]},{"@type":"ImageObject","inLanguage":"en-US","@id":"https:\/\/www.iseg.ulisboa.pt\/en\/2025\/01\/cycle-of-cinema-and-decolonization-deconstructing-colonialism-decolonizing-the-imagination\/#primaryimage","url":"https:\/\/www.iseg.ulisboa.pt\/wp-content\/uploads\/Thumbnail-Ciclo-Cinema-e-Descolonizacao-2025.png","contentUrl":"https:\/\/www.iseg.ulisboa.pt\/wp-content\/uploads\/Thumbnail-Ciclo-Cinema-e-Descolonizacao-2025.png","width":1200,"height":630},{"@type":"BreadcrumbList","@id":"https:\/\/www.iseg.ulisboa.pt\/en\/2025\/01\/cycle-of-cinema-and-decolonization-deconstructing-colonialism-decolonizing-the-imagination\/#breadcrumb","itemListElement":[{"@type":"ListItem","position":1,"name":"Home","item":"https:\/\/www.iseg.ulisboa.pt\/"},{"@type":"ListItem","position":2,"name":"Ciclo de Cinema e Descoloniza\u00e7\u00e3o \u2018Desconstruir o Colonialismo, Descolonizar o Imagin\u00e1rio\u2019"}]},{"@type":"WebSite","@id":"https:\/\/www.iseg.ulisboa.pt\/en\/#website","url":"https:\/\/www.iseg.ulisboa.pt\/en\/","name":"ISEG","description":"Lisbon School of Economics &amp; Management","publisher":{"@id":"https:\/\/www.iseg.ulisboa.pt\/en\/#organization"},"potentialAction":[{"@type":"SearchAction","target":{"@type":"EntryPoint","urlTemplate":"https:\/\/www.iseg.ulisboa.pt\/en\/?s={search_term_string}"},"query-input":"required name=search_term_string"}],"inLanguage":"en-US"},{"@type":"Organization","@id":"https:\/\/www.iseg.ulisboa.pt\/en\/#organization","name":"ISEG","url":"https:\/\/www.iseg.ulisboa.pt\/en\/","logo":{"@type":"ImageObject","inLanguage":"en-US","@id":"https:\/\/www.iseg.ulisboa.pt\/en\/#\/schema\/logo\/image\/","url":"https:\/\/www.iseg.ulisboa.pt\/wp-content\/uploads\/2021\/02\/iseg-logo-ul.svg","contentUrl":"https:\/\/www.iseg.ulisboa.pt\/wp-content\/uploads\/2021\/02\/iseg-logo-ul.svg","width":250,"height":120,"caption":"ISEG"},"image":{"@id":"https:\/\/www.iseg.ulisboa.pt\/en\/#\/schema\/logo\/image\/"},"sameAs":["https:\/\/www.facebook.com\/iseg.pt","https:\/\/x.com\/iseglisbon","https:\/\/www.instagram.com\/iseglisbon\/","https:\/\/www.linkedin.com\/school\/iseglisbon\/","https:\/\/www.youtube.com\/user\/DMREISEG"]},{"@type":"Person","@id":"https:\/\/www.iseg.ulisboa.pt\/en\/#\/schema\/person\/7dbfcd94a0528cf0ccb6f1d3b553e35e","name":"marianafigueiredo","url":"https:\/\/www.iseg.ulisboa.pt\/en\/author\/marianafigueiredo\/"}]}},"uagb_featured_image_src":{"full":["https:\/\/www.iseg.ulisboa.pt\/wp-content\/uploads\/Thumbnail-Ciclo-Cinema-e-Descolonizacao-2025.png",1200,630,false],"thumbnail":["https:\/\/www.iseg.ulisboa.pt\/wp-content\/uploads\/Thumbnail-Ciclo-Cinema-e-Descolonizacao-2025-150x150.png",150,150,true],"medium":["https:\/\/www.iseg.ulisboa.pt\/wp-content\/uploads\/Thumbnail-Ciclo-Cinema-e-Descolonizacao-2025-300x158.png",300,158,true],"medium_large":["https:\/\/www.iseg.ulisboa.pt\/wp-content\/uploads\/Thumbnail-Ciclo-Cinema-e-Descolonizacao-2025.png",768,403,false],"large":["https:\/\/www.iseg.ulisboa.pt\/wp-content\/uploads\/Thumbnail-Ciclo-Cinema-e-Descolonizacao-2025.png",1024,538,false],"1536x1536":["https:\/\/www.iseg.ulisboa.pt\/wp-content\/uploads\/Thumbnail-Ciclo-Cinema-e-Descolonizacao-2025.png",1200,630,false],"2048x2048":["https:\/\/www.iseg.ulisboa.pt\/wp-content\/uploads\/Thumbnail-Ciclo-Cinema-e-Descolonizacao-2025.png",1200,630,false],"trp-custom-language-flag":["https:\/\/www.iseg.ulisboa.pt\/wp-content\/uploads\/Thumbnail-Ciclo-Cinema-e-Descolonizacao-2025-18x9.png",18,9,true]},"uagb_author_info":{"display_name":"marianafigueiredo","author_link":"https:\/\/www.iseg.ulisboa.pt\/en\/author\/marianafigueiredo\/"},"uagb_comment_info":0,"uagb_excerpt":"O Ciclo de Cinema e Descoloniza\u00e7\u00e3o\u00a0regressa com a nova temporada 2024\/2025, trazendo sess\u00f5es mensais em formato cineclube para explorar os legados e as mem\u00f3rias da descoloniza\u00e7\u00e3o. A iniciativa decorre paralelamente&nbsp;[...]","_links":{"self":[{"href":"https:\/\/www.iseg.ulisboa.pt\/en\/wp-json\/wp\/v2\/posts\/54569"}],"collection":[{"href":"https:\/\/www.iseg.ulisboa.pt\/en\/wp-json\/wp\/v2\/posts"}],"about":[{"href":"https:\/\/www.iseg.ulisboa.pt\/en\/wp-json\/wp\/v2\/types\/post"}],"author":[{"embeddable":true,"href":"https:\/\/www.iseg.ulisboa.pt\/en\/wp-json\/wp\/v2\/users\/51"}],"replies":[{"embeddable":true,"href":"https:\/\/www.iseg.ulisboa.pt\/en\/wp-json\/wp\/v2\/comments?post=54569"}],"version-history":[{"count":0,"href":"https:\/\/www.iseg.ulisboa.pt\/en\/wp-json\/wp\/v2\/posts\/54569\/revisions"}],"wp:featuredmedia":[{"embeddable":true,"href":"https:\/\/www.iseg.ulisboa.pt\/en\/wp-json\/wp\/v2\/media\/54575"}],"wp:attachment":[{"href":"https:\/\/www.iseg.ulisboa.pt\/en\/wp-json\/wp\/v2\/media?parent=54569"}],"wp:term":[{"taxonomy":"category","embeddable":true,"href":"https:\/\/www.iseg.ulisboa.pt\/en\/wp-json\/wp\/v2\/categories?post=54569"},{"taxonomy":"topic","embeddable":true,"href":"https:\/\/www.iseg.ulisboa.pt\/en\/wp-json\/wp\/v2\/topic?post=54569"}],"curies":[{"name":"wp","href":"https:\/\/api.w.org\/{rel}","templated":true}]}}