{"id":56371,"date":"2025-02-12T17:16:49","date_gmt":"2025-02-12T17:16:49","guid":{"rendered":"https:\/\/www.iseg.ulisboa.pt\/?p=56371"},"modified":"2025-02-13T16:37:14","modified_gmt":"2025-02-13T16:37:14","slug":"iseg-management-challenge-2025-registration-now-open","status":"publish","type":"post","link":"https:\/\/www.iseg.ulisboa.pt\/en\/2025\/02\/iseg-management-challenge-2025-registration-now-open\/","title":{"rendered":"ISEG Management Challenge 2025 | Registration now open"},"content":{"rendered":"<h5 class=\"wp-block-heading has-iseg-red-color has-text-color has-link-color wp-elements-4cb8a5458ae5570cf6c1c90da10247b6\"><strong>The ISEG Management Challenge is back! <\/strong><br><strong>Register your team by February 21st!<\/strong><\/h5>\n\n\n\n<p><\/p>\n\n\n\n<p>The ISEG Management Challenge is a strategy and management competition where students from ISEG's Management, Economics, Finance, MAEG, Management and Economics degrees can participate.<\/p>\n\n\n\n<p>During the competition, your management skills will be put to the test in order to outperform the competition. Form a team of three to five and take your place on the board of a company!<\/p>\n\n\n\n<p>Check out the <a href=\"https:\/\/www.iseg.ulisboa.pt\/wp-content\/uploads\/Programa_ISEG_MC_2025.pdf\" target=\"_blank\" rel=\"noreferrer noopener\"><strong>Programme<\/strong><\/a> , together with the <a href=\"https:\/\/www.iseg.ulisboa.pt\/wp-content\/uploads\/Regulamento_ISEG-Management-Challenge_2024_25.pdf\" target=\"_blank\" rel=\"noreferrer noopener\"><strong>Regulations<\/strong><\/a> for this year's edition and accept the challenge!<\/p>\n\n\n\n<figure class=\"wp-block-table\"><table><tbody><tr><td><strong>Registrations available until February 21st<\/strong><\/td><td>Register your team at <a href=\"http:\/\/www.sdg.pt\/ISEG\" target=\"_blank\" rel=\"noreferrer noopener\">www.sdg.pt\/ISEG<\/a><\/td><\/tr><tr><td><strong>Briefing and Presentation of the Competition<\/strong><\/td><td>February 20th - 2:00 PM to 3:00 PM at ISEG, CGD Auditorium (Quelhas Building, Floor 2) <\/td><\/tr><\/tbody><\/table><\/figure>","protected":false},"excerpt":{"rendered":"The ISEG Management Challenge is back! Register your team by February 21! The ISEG Management Challenge is a strategy and management competition in which students can take part [...]","protected":false},"author":62,"featured_media":56372,"comment_status":"closed","ping_status":"closed","sticky":false,"template":"","format":"standard","meta":{"inline_featured_image":false,"_uag_custom_page_level_css":"","footnotes":""},"categories":[7],"topic":[3424,3711,4595],"acf":[],"yoast_head":"<!-- This site is optimized with the Yoast SEO plugin v22.6 - https:\/\/yoast.com\/wordpress\/plugins\/seo\/ -->\n<title>ISEG Management Challenge 2025 | Inscri\u00e7\u00f5es abertas - ISEG<\/title>\n<meta name=\"robots\" content=\"index, follow, max-snippet:-1, max-image-preview:large, max-video-preview:-1\" \/>\n<link rel=\"canonical\" href=\"https:\/\/www.iseg.ulisboa.pt\/en\/2025\/02\/iseg-management-challenge-2025-registration-now-open\/\" \/>\n<meta name=\"twitter:label1\" content=\"Written by\" \/>\n\t<meta name=\"twitter:data1\" content=\"joeljoaquim\" \/>\n\t<meta name=\"twitter:label2\" content=\"Est. reading time\" \/>\n\t<meta name=\"twitter:data2\" content=\"1 minute\" \/>\n<script type=\"application\/ld+json\" class=\"yoast-schema-graph\">{\"@context\":\"https:\/\/schema.org\",\"@graph\":[{\"@type\":\"Article\",\"@id\":\"https:\/\/www.iseg.ulisboa.pt\/en\/2025\/02\/iseg-management-challenge-2025-registration-now-open\/#article\",\"isPartOf\":{\"@id\":\"https:\/\/www.iseg.ulisboa.pt\/en\/2025\/02\/iseg-management-challenge-2025-registration-now-open\/\"},\"author\":{\"name\":\"joeljoaquim\",\"@id\":\"https:\/\/www.iseg.ulisboa.pt\/en\/#\/schema\/person\/c6a078b675d44e6477db0a3f80ab276f\"},\"headline\":\"ISEG Management Challenge 2025 | Inscri\u00e7\u00f5es abertas\",\"datePublished\":\"2025-02-12T17:16:49+00:00\",\"dateModified\":\"2025-02-13T16:37:14+00:00\",\"mainEntityOfPage\":{\"@id\":\"https:\/\/www.iseg.ulisboa.pt\/en\/2025\/02\/iseg-management-challenge-2025-registration-now-open\/\"},\"wordCount\":146,\"publisher\":{\"@id\":\"https:\/\/www.iseg.ulisboa.pt\/en\/#organization\"},\"image\":{\"@id\":\"https:\/\/www.iseg.ulisboa.pt\/en\/2025\/02\/iseg-management-challenge-2025-registration-now-open\/#primaryimage\"},\"thumbnailUrl\":\"https:\/\/www.iseg.ulisboa.pt\/wp-content\/uploads\/1200x630_iseg_management_challenge_2025.png\",\"articleSection\":[\"Outras\"],\"inLanguage\":\"en-US\"},{\"@type\":\"WebPage\",\"@id\":\"https:\/\/www.iseg.ulisboa.pt\/en\/2025\/02\/iseg-management-challenge-2025-registration-now-open\/\",\"url\":\"https:\/\/www.iseg.ulisboa.pt\/en\/2025\/02\/iseg-management-challenge-2025-registration-now-open\/\",\"name\":\"ISEG Management Challenge 2025 | Inscri\u00e7\u00f5es abertas - ISEG\",\"isPartOf\":{\"@id\":\"https:\/\/www.iseg.ulisboa.pt\/en\/#website\"},\"primaryImageOfPage\":{\"@id\":\"https:\/\/www.iseg.ulisboa.pt\/en\/2025\/02\/iseg-management-challenge-2025-registration-now-open\/#primaryimage\"},\"image\":{\"@id\":\"https:\/\/www.iseg.ulisboa.pt\/en\/2025\/02\/iseg-management-challenge-2025-registration-now-open\/#primaryimage\"},\"thumbnailUrl\":\"https:\/\/www.iseg.ulisboa.pt\/wp-content\/uploads\/1200x630_iseg_management_challenge_2025.png\",\"datePublished\":\"2025-02-12T17:16:49+00:00\",\"dateModified\":\"2025-02-13T16:37:14+00:00\",\"breadcrumb\":{\"@id\":\"https:\/\/www.iseg.ulisboa.pt\/en\/2025\/02\/iseg-management-challenge-2025-registration-now-open\/#breadcrumb\"},\"inLanguage\":\"en-US\",\"potentialAction\":[{\"@type\":\"ReadAction\",\"target\":[\"https:\/\/www.iseg.ulisboa.pt\/en\/2025\/02\/iseg-management-challenge-2025-registration-now-open\/\"]}]},{\"@type\":\"ImageObject\",\"inLanguage\":\"en-US\",\"@id\":\"https:\/\/www.iseg.ulisboa.pt\/en\/2025\/02\/iseg-management-challenge-2025-registration-now-open\/#primaryimage\",\"url\":\"https:\/\/www.iseg.ulisboa.pt\/wp-content\/uploads\/1200x630_iseg_management_challenge_2025.png\",\"contentUrl\":\"https:\/\/www.iseg.ulisboa.pt\/wp-content\/uploads\/1200x630_iseg_management_challenge_2025.png\",\"width\":1200,\"height\":630},{\"@type\":\"BreadcrumbList\",\"@id\":\"https:\/\/www.iseg.ulisboa.pt\/en\/2025\/02\/iseg-management-challenge-2025-registration-now-open\/#breadcrumb\",\"itemListElement\":[{\"@type\":\"ListItem\",\"position\":1,\"name\":\"Home\",\"item\":\"https:\/\/www.iseg.ulisboa.pt\/\"},{\"@type\":\"ListItem\",\"position\":2,\"name\":\"ISEG Management Challenge 2025 | Inscri\u00e7\u00f5es abertas\"}]},{\"@type\":\"WebSite\",\"@id\":\"https:\/\/www.iseg.ulisboa.pt\/en\/#website\",\"url\":\"https:\/\/www.iseg.ulisboa.pt\/en\/\",\"name\":\"ISEG\",\"description\":\"Lisbon School of Economics &amp; Management\",\"publisher\":{\"@id\":\"https:\/\/www.iseg.ulisboa.pt\/en\/#organization\"},\"potentialAction\":[{\"@type\":\"SearchAction\",\"target\":{\"@type\":\"EntryPoint\",\"urlTemplate\":\"https:\/\/www.iseg.ulisboa.pt\/en\/?s={search_term_string}\"},\"query-input\":\"required name=search_term_string\"}],\"inLanguage\":\"en-US\"},{\"@type\":\"Organization\",\"@id\":\"https:\/\/www.iseg.ulisboa.pt\/en\/#organization\",\"name\":\"ISEG\",\"url\":\"https:\/\/www.iseg.ulisboa.pt\/en\/\",\"logo\":{\"@type\":\"ImageObject\",\"inLanguage\":\"en-US\",\"@id\":\"https:\/\/www.iseg.ulisboa.pt\/en\/#\/schema\/logo\/image\/\",\"url\":\"https:\/\/www.iseg.ulisboa.pt\/wp-content\/uploads\/2021\/02\/iseg-logo-ul.svg\",\"contentUrl\":\"https:\/\/www.iseg.ulisboa.pt\/wp-content\/uploads\/2021\/02\/iseg-logo-ul.svg\",\"width\":250,\"height\":120,\"caption\":\"ISEG\"},\"image\":{\"@id\":\"https:\/\/www.iseg.ulisboa.pt\/en\/#\/schema\/logo\/image\/\"},\"sameAs\":[\"https:\/\/www.facebook.com\/iseg.pt\",\"https:\/\/x.com\/iseglisbon\",\"https:\/\/www.instagram.com\/iseglisbon\/\",\"https:\/\/www.linkedin.com\/school\/iseglisbon\/\",\"https:\/\/www.youtube.com\/user\/DMREISEG\"]},{\"@type\":\"Person\",\"@id\":\"https:\/\/www.iseg.ulisboa.pt\/en\/#\/schema\/person\/c6a078b675d44e6477db0a3f80ab276f\",\"name\":\"joeljoaquim\",\"url\":\"https:\/\/www.iseg.ulisboa.pt\/en\/author\/joeljoaquim\/\"}]}<\/script>\n<!-- \/ Yoast SEO plugin. -->","yoast_head_json":{"title":"ISEG Management Challenge 2025 | Applications open - ISEG","robots":{"index":"index","follow":"follow","max-snippet":"max-snippet:-1","max-image-preview":"max-image-preview:large","max-video-preview":"max-video-preview:-1"},"canonical":"https:\/\/www.iseg.ulisboa.pt\/en\/2025\/02\/iseg-management-challenge-2025-registration-now-open\/","twitter_misc":{"Written by":"joeljoaquim","Est. reading time":"1 minute"},"schema":{"@context":"https:\/\/schema.org","@graph":[{"@type":"Article","@id":"https:\/\/www.iseg.ulisboa.pt\/en\/2025\/02\/iseg-management-challenge-2025-registration-now-open\/#article","isPartOf":{"@id":"https:\/\/www.iseg.ulisboa.pt\/en\/2025\/02\/iseg-management-challenge-2025-registration-now-open\/"},"author":{"name":"joeljoaquim","@id":"https:\/\/www.iseg.ulisboa.pt\/en\/#\/schema\/person\/c6a078b675d44e6477db0a3f80ab276f"},"headline":"ISEG Management Challenge 2025 | Inscri\u00e7\u00f5es abertas","datePublished":"2025-02-12T17:16:49+00:00","dateModified":"2025-02-13T16:37:14+00:00","mainEntityOfPage":{"@id":"https:\/\/www.iseg.ulisboa.pt\/en\/2025\/02\/iseg-management-challenge-2025-registration-now-open\/"},"wordCount":146,"publisher":{"@id":"https:\/\/www.iseg.ulisboa.pt\/en\/#organization"},"image":{"@id":"https:\/\/www.iseg.ulisboa.pt\/en\/2025\/02\/iseg-management-challenge-2025-registration-now-open\/#primaryimage"},"thumbnailUrl":"https:\/\/www.iseg.ulisboa.pt\/wp-content\/uploads\/1200x630_iseg_management_challenge_2025.png","articleSection":["Outras"],"inLanguage":"en-US"},{"@type":"WebPage","@id":"https:\/\/www.iseg.ulisboa.pt\/en\/2025\/02\/iseg-management-challenge-2025-registration-now-open\/","url":"https:\/\/www.iseg.ulisboa.pt\/en\/2025\/02\/iseg-management-challenge-2025-registration-now-open\/","name":"ISEG Management Challenge 2025 | Applications open - ISEG","isPartOf":{"@id":"https:\/\/www.iseg.ulisboa.pt\/en\/#website"},"primaryImageOfPage":{"@id":"https:\/\/www.iseg.ulisboa.pt\/en\/2025\/02\/iseg-management-challenge-2025-registration-now-open\/#primaryimage"},"image":{"@id":"https:\/\/www.iseg.ulisboa.pt\/en\/2025\/02\/iseg-management-challenge-2025-registration-now-open\/#primaryimage"},"thumbnailUrl":"https:\/\/www.iseg.ulisboa.pt\/wp-content\/uploads\/1200x630_iseg_management_challenge_2025.png","datePublished":"2025-02-12T17:16:49+00:00","dateModified":"2025-02-13T16:37:14+00:00","breadcrumb":{"@id":"https:\/\/www.iseg.ulisboa.pt\/en\/2025\/02\/iseg-management-challenge-2025-registration-now-open\/#breadcrumb"},"inLanguage":"en-US","potentialAction":[{"@type":"ReadAction","target":["https:\/\/www.iseg.ulisboa.pt\/en\/2025\/02\/iseg-management-challenge-2025-registration-now-open\/"]}]},{"@type":"ImageObject","inLanguage":"en-US","@id":"https:\/\/www.iseg.ulisboa.pt\/en\/2025\/02\/iseg-management-challenge-2025-registration-now-open\/#primaryimage","url":"https:\/\/www.iseg.ulisboa.pt\/wp-content\/uploads\/1200x630_iseg_management_challenge_2025.png","contentUrl":"https:\/\/www.iseg.ulisboa.pt\/wp-content\/uploads\/1200x630_iseg_management_challenge_2025.png","width":1200,"height":630},{"@type":"BreadcrumbList","@id":"https:\/\/www.iseg.ulisboa.pt\/en\/2025\/02\/iseg-management-challenge-2025-registration-now-open\/#breadcrumb","itemListElement":[{"@type":"ListItem","position":1,"name":"Home","item":"https:\/\/www.iseg.ulisboa.pt\/"},{"@type":"ListItem","position":2,"name":"ISEG Management Challenge 2025 | Inscri\u00e7\u00f5es abertas"}]},{"@type":"WebSite","@id":"https:\/\/www.iseg.ulisboa.pt\/en\/#website","url":"https:\/\/www.iseg.ulisboa.pt\/en\/","name":"ISEG","description":"Lisbon School of Economics &amp; Management","publisher":{"@id":"https:\/\/www.iseg.ulisboa.pt\/en\/#organization"},"potentialAction":[{"@type":"SearchAction","target":{"@type":"EntryPoint","urlTemplate":"https:\/\/www.iseg.ulisboa.pt\/en\/?s={search_term_string}"},"query-input":"required name=search_term_string"}],"inLanguage":"en-US"},{"@type":"Organization","@id":"https:\/\/www.iseg.ulisboa.pt\/en\/#organization","name":"ISEG","url":"https:\/\/www.iseg.ulisboa.pt\/en\/","logo":{"@type":"ImageObject","inLanguage":"en-US","@id":"https:\/\/www.iseg.ulisboa.pt\/en\/#\/schema\/logo\/image\/","url":"https:\/\/www.iseg.ulisboa.pt\/wp-content\/uploads\/2021\/02\/iseg-logo-ul.svg","contentUrl":"https:\/\/www.iseg.ulisboa.pt\/wp-content\/uploads\/2021\/02\/iseg-logo-ul.svg","width":250,"height":120,"caption":"ISEG"},"image":{"@id":"https:\/\/www.iseg.ulisboa.pt\/en\/#\/schema\/logo\/image\/"},"sameAs":["https:\/\/www.facebook.com\/iseg.pt","https:\/\/x.com\/iseglisbon","https:\/\/www.instagram.com\/iseglisbon\/","https:\/\/www.linkedin.com\/school\/iseglisbon\/","https:\/\/www.youtube.com\/user\/DMREISEG"]},{"@type":"Person","@id":"https:\/\/www.iseg.ulisboa.pt\/en\/#\/schema\/person\/c6a078b675d44e6477db0a3f80ab276f","name":"joeljoaquim","url":"https:\/\/www.iseg.ulisboa.pt\/en\/author\/joeljoaquim\/"}]}},"uagb_featured_image_src":{"full":["https:\/\/www.iseg.ulisboa.pt\/wp-content\/uploads\/1200x630_iseg_management_challenge_2025.png",1200,630,false],"thumbnail":["https:\/\/www.iseg.ulisboa.pt\/wp-content\/uploads\/1200x630_iseg_management_challenge_2025-150x150.png",150,150,true],"medium":["https:\/\/www.iseg.ulisboa.pt\/wp-content\/uploads\/1200x630_iseg_management_challenge_2025-300x158.png",300,158,true],"medium_large":["https:\/\/www.iseg.ulisboa.pt\/wp-content\/uploads\/1200x630_iseg_management_challenge_2025.png",768,403,false],"large":["https:\/\/www.iseg.ulisboa.pt\/wp-content\/uploads\/1200x630_iseg_management_challenge_2025.png",1024,538,false],"1536x1536":["https:\/\/www.iseg.ulisboa.pt\/wp-content\/uploads\/1200x630_iseg_management_challenge_2025.png",1200,630,false],"2048x2048":["https:\/\/www.iseg.ulisboa.pt\/wp-content\/uploads\/1200x630_iseg_management_challenge_2025.png",1200,630,false],"trp-custom-language-flag":["https:\/\/www.iseg.ulisboa.pt\/wp-content\/uploads\/1200x630_iseg_management_challenge_2025-18x9.png",18,9,true]},"uagb_author_info":{"display_name":"joeljoaquim","author_link":"https:\/\/www.iseg.ulisboa.pt\/en\/author\/joeljoaquim\/"},"uagb_comment_info":0,"uagb_excerpt":"O ISEG Management Challenge est\u00e1 de volta! Inscreve a tua equipa at\u00e9 21 de fevereiro! O ISEG Management Challenge \u00e9 uma competi\u00e7\u00e3o de estrat\u00e9gia e gest\u00e3o onde podem participar estudantes&nbsp;[...]","_links":{"self":[{"href":"https:\/\/www.iseg.ulisboa.pt\/en\/wp-json\/wp\/v2\/posts\/56371"}],"collection":[{"href":"https:\/\/www.iseg.ulisboa.pt\/en\/wp-json\/wp\/v2\/posts"}],"about":[{"href":"https:\/\/www.iseg.ulisboa.pt\/en\/wp-json\/wp\/v2\/types\/post"}],"author":[{"embeddable":true,"href":"https:\/\/www.iseg.ulisboa.pt\/en\/wp-json\/wp\/v2\/users\/62"}],"replies":[{"embeddable":true,"href":"https:\/\/www.iseg.ulisboa.pt\/en\/wp-json\/wp\/v2\/comments?post=56371"}],"version-history":[{"count":0,"href":"https:\/\/www.iseg.ulisboa.pt\/en\/wp-json\/wp\/v2\/posts\/56371\/revisions"}],"wp:featuredmedia":[{"embeddable":true,"href":"https:\/\/www.iseg.ulisboa.pt\/en\/wp-json\/wp\/v2\/media\/56372"}],"wp:attachment":[{"href":"https:\/\/www.iseg.ulisboa.pt\/en\/wp-json\/wp\/v2\/media?parent=56371"}],"wp:term":[{"taxonomy":"category","embeddable":true,"href":"https:\/\/www.iseg.ulisboa.pt\/en\/wp-json\/wp\/v2\/categories?post=56371"},{"taxonomy":"topic","embeddable":true,"href":"https:\/\/www.iseg.ulisboa.pt\/en\/wp-json\/wp\/v2\/topic?post=56371"}],"curies":[{"name":"wp","href":"https:\/\/api.w.org\/{rel}","templated":true}]}}