{"id":60225,"date":"2025-06-03T15:34:23","date_gmt":"2025-06-03T15:34:23","guid":{"rendered":"https:\/\/www.iseg.ulisboa.pt\/?p=60225"},"modified":"2025-06-04T08:19:33","modified_gmt":"2025-06-04T08:19:33","slug":"iseg-joins-new-institute-for-sustainability","status":"publish","type":"post","link":"https:\/\/www.iseg.ulisboa.pt\/en\/2025\/06\/iseg-joins-new-institute-for-sustainability\/","title":{"rendered":"ISEG joins new sustainability institute"},"content":{"rendered":"<h6 class=\"wp-block-heading has-iseg-red-color has-text-color has-link-color wp-elements-7c82f973b544d39fc6c75280181a1cdd\">ISEG - Lisbon School of Economics and Management is one of the founding institutions of the new Institute for Sustainability, a consortium that brings together universities, companies and public entities around a common goal: to develop scientific and technological solutions to promote environmental, economic and social sustainability.<\/h6>\n\n\n\n<p><\/p>\n\n\n\n<p>The formalization of the partnership took place on <strong>9 April<\/strong>by signing a <strong>memorandum of understanding<\/strong>&nbsp;among the founding partners: the <strong>Instituto Superior T\u00e9cnico<\/strong>, <strong>Higher Institute of Agronomy (ISA)<\/strong>, the <strong>Faculty of Sciences of the University of Lisbon (FCUL)<\/strong>, the <strong>Oeiras City Council<\/strong>, the <strong>Tratolixo<\/strong>&nbsp;- inter-municipal company responsible for the treatment of solid urban waste - and the <strong>ISEG<\/strong>.<\/p>\n\n\n\n<p>This new Institute is born with the mission of being a center of excellence in the development of services, training and research applied to sustainability, promoting integrated solutions to accelerate the transition to a more sustainable future.<\/p>\n\n\n\n<p>According to<strong>Winnie Picoto<\/strong>ISEG's vice-president for sustainability, \"<em>the creation of this Institute strengthens the role of higher education institutions in finding interdisciplinary solutions to the complex problems and challenges of the future. Our participation will bring an essential economic and management perspective to ensure that sustainability is achieved with viability, equity and lasting impact<\/em>'.<\/p>\n\n\n\n<p>The <strong>signed memorandum establishes the general principles of cooperation<\/strong>&nbsp;between the entities involved, providing for the development of <strong>joint projects, innovation initiatives and technical and scientific training programs<\/strong>. The next few months will mark the <strong>implementation of the Institute<\/strong>with the definition of its governance structure and the planning of its first activities.<\/p>\n\n\n\n<p>ISEG's participation guarantees the contribution of the economic and management sciences to the construction of sustainable solutions that combine economic viability, social responsibility and respect for environmental limits - fundamental pillars for truly sustainable development.<\/p>","protected":false},"excerpt":{"rendered":"ISEG - Lisbon School of Economics and Management is one of the founding institutions of the new Institute for Sustainability, a consortium that brings together universities, companies and public entities in [...]","protected":false},"author":9,"featured_media":60256,"comment_status":"closed","ping_status":"closed","sticky":false,"template":"","format":"standard","meta":{"inline_featured_image":false,"_uag_custom_page_level_css":"","footnotes":""},"categories":[1261],"topic":[3424],"acf":[],"yoast_head":"<!-- This site is optimized with the Yoast SEO plugin v22.6 - https:\/\/yoast.com\/wordpress\/plugins\/seo\/ -->\n<title>ISEG integra novo Instituto para a sustentabilidade - ISEG<\/title>\n<meta name=\"robots\" content=\"index, follow, max-snippet:-1, max-image-preview:large, max-video-preview:-1\" \/>\n<link rel=\"canonical\" href=\"https:\/\/www.iseg.ulisboa.pt\/en\/2025\/06\/iseg-joins-new-institute-for-sustainability\/\" \/>\n<meta name=\"twitter:label1\" content=\"Written by\" \/>\n\t<meta name=\"twitter:data1\" content=\"paulamonteiro\" \/>\n\t<meta name=\"twitter:label2\" content=\"Est. reading time\" \/>\n\t<meta name=\"twitter:data2\" content=\"2 minutes\" \/>\n<script type=\"application\/ld+json\" class=\"yoast-schema-graph\">{\"@context\":\"https:\/\/schema.org\",\"@graph\":[{\"@type\":\"Article\",\"@id\":\"https:\/\/www.iseg.ulisboa.pt\/en\/2025\/06\/iseg-joins-new-institute-for-sustainability\/#article\",\"isPartOf\":{\"@id\":\"https:\/\/www.iseg.ulisboa.pt\/en\/2025\/06\/iseg-joins-new-institute-for-sustainability\/\"},\"author\":{\"name\":\"paulamonteiro\",\"@id\":\"https:\/\/www.iseg.ulisboa.pt\/en\/#\/schema\/person\/7e9048e7009ca3bad7dc5a89b8470067\"},\"headline\":\"ISEG integra novo Instituto para a sustentabilidade\",\"datePublished\":\"2025-06-03T15:34:23+00:00\",\"dateModified\":\"2025-06-04T08:19:33+00:00\",\"mainEntityOfPage\":{\"@id\":\"https:\/\/www.iseg.ulisboa.pt\/en\/2025\/06\/iseg-joins-new-institute-for-sustainability\/\"},\"wordCount\":353,\"publisher\":{\"@id\":\"https:\/\/www.iseg.ulisboa.pt\/en\/#organization\"},\"image\":{\"@id\":\"https:\/\/www.iseg.ulisboa.pt\/en\/2025\/06\/iseg-joins-new-institute-for-sustainability\/#primaryimage\"},\"thumbnailUrl\":\"https:\/\/www.iseg.ulisboa.pt\/wp-content\/uploads\/Banner_ProtocoloSUS_Noticia.jpg\",\"articleSection\":[\"Acordos\/Parcerias\"],\"inLanguage\":\"en-US\"},{\"@type\":\"WebPage\",\"@id\":\"https:\/\/www.iseg.ulisboa.pt\/en\/2025\/06\/iseg-joins-new-institute-for-sustainability\/\",\"url\":\"https:\/\/www.iseg.ulisboa.pt\/en\/2025\/06\/iseg-joins-new-institute-for-sustainability\/\",\"name\":\"ISEG integra novo Instituto para a sustentabilidade - ISEG\",\"isPartOf\":{\"@id\":\"https:\/\/www.iseg.ulisboa.pt\/en\/#website\"},\"primaryImageOfPage\":{\"@id\":\"https:\/\/www.iseg.ulisboa.pt\/en\/2025\/06\/iseg-joins-new-institute-for-sustainability\/#primaryimage\"},\"image\":{\"@id\":\"https:\/\/www.iseg.ulisboa.pt\/en\/2025\/06\/iseg-joins-new-institute-for-sustainability\/#primaryimage\"},\"thumbnailUrl\":\"https:\/\/www.iseg.ulisboa.pt\/wp-content\/uploads\/Banner_ProtocoloSUS_Noticia.jpg\",\"datePublished\":\"2025-06-03T15:34:23+00:00\",\"dateModified\":\"2025-06-04T08:19:33+00:00\",\"breadcrumb\":{\"@id\":\"https:\/\/www.iseg.ulisboa.pt\/en\/2025\/06\/iseg-joins-new-institute-for-sustainability\/#breadcrumb\"},\"inLanguage\":\"en-US\",\"potentialAction\":[{\"@type\":\"ReadAction\",\"target\":[\"https:\/\/www.iseg.ulisboa.pt\/en\/2025\/06\/iseg-joins-new-institute-for-sustainability\/\"]}]},{\"@type\":\"ImageObject\",\"inLanguage\":\"en-US\",\"@id\":\"https:\/\/www.iseg.ulisboa.pt\/en\/2025\/06\/iseg-joins-new-institute-for-sustainability\/#primaryimage\",\"url\":\"https:\/\/www.iseg.ulisboa.pt\/wp-content\/uploads\/Banner_ProtocoloSUS_Noticia.jpg\",\"contentUrl\":\"https:\/\/www.iseg.ulisboa.pt\/wp-content\/uploads\/Banner_ProtocoloSUS_Noticia.jpg\",\"width\":5001,\"height\":2626},{\"@type\":\"BreadcrumbList\",\"@id\":\"https:\/\/www.iseg.ulisboa.pt\/en\/2025\/06\/iseg-joins-new-institute-for-sustainability\/#breadcrumb\",\"itemListElement\":[{\"@type\":\"ListItem\",\"position\":1,\"name\":\"Home\",\"item\":\"https:\/\/www.iseg.ulisboa.pt\/\"},{\"@type\":\"ListItem\",\"position\":2,\"name\":\"ISEG integra novo Instituto para a sustentabilidade\"}]},{\"@type\":\"WebSite\",\"@id\":\"https:\/\/www.iseg.ulisboa.pt\/en\/#website\",\"url\":\"https:\/\/www.iseg.ulisboa.pt\/en\/\",\"name\":\"ISEG\",\"description\":\"Lisbon School of Economics &amp; Management\",\"publisher\":{\"@id\":\"https:\/\/www.iseg.ulisboa.pt\/en\/#organization\"},\"potentialAction\":[{\"@type\":\"SearchAction\",\"target\":{\"@type\":\"EntryPoint\",\"urlTemplate\":\"https:\/\/www.iseg.ulisboa.pt\/en\/?s={search_term_string}\"},\"query-input\":\"required name=search_term_string\"}],\"inLanguage\":\"en-US\"},{\"@type\":\"Organization\",\"@id\":\"https:\/\/www.iseg.ulisboa.pt\/en\/#organization\",\"name\":\"ISEG\",\"url\":\"https:\/\/www.iseg.ulisboa.pt\/en\/\",\"logo\":{\"@type\":\"ImageObject\",\"inLanguage\":\"en-US\",\"@id\":\"https:\/\/www.iseg.ulisboa.pt\/en\/#\/schema\/logo\/image\/\",\"url\":\"https:\/\/www.iseg.ulisboa.pt\/wp-content\/uploads\/2021\/02\/iseg-logo-ul.svg\",\"contentUrl\":\"https:\/\/www.iseg.ulisboa.pt\/wp-content\/uploads\/2021\/02\/iseg-logo-ul.svg\",\"width\":250,\"height\":120,\"caption\":\"ISEG\"},\"image\":{\"@id\":\"https:\/\/www.iseg.ulisboa.pt\/en\/#\/schema\/logo\/image\/\"},\"sameAs\":[\"https:\/\/www.facebook.com\/iseg.pt\",\"https:\/\/x.com\/iseglisbon\",\"https:\/\/www.instagram.com\/iseglisbon\/\",\"https:\/\/www.linkedin.com\/school\/iseglisbon\/\",\"https:\/\/www.youtube.com\/user\/DMREISEG\"]},{\"@type\":\"Person\",\"@id\":\"https:\/\/www.iseg.ulisboa.pt\/en\/#\/schema\/person\/7e9048e7009ca3bad7dc5a89b8470067\",\"name\":\"paulamonteiro\",\"url\":\"https:\/\/www.iseg.ulisboa.pt\/en\/author\/paulamonteiro\/\"}]}<\/script>\n<!-- \/ Yoast SEO plugin. -->","yoast_head_json":{"title":"ISEG joins the new Institute for Sustainability - ISEG","robots":{"index":"index","follow":"follow","max-snippet":"max-snippet:-1","max-image-preview":"max-image-preview:large","max-video-preview":"max-video-preview:-1"},"canonical":"https:\/\/www.iseg.ulisboa.pt\/en\/2025\/06\/iseg-joins-new-institute-for-sustainability\/","twitter_misc":{"Written by":"paulamonteiro","Est. reading time":"2 minutes"},"schema":{"@context":"https:\/\/schema.org","@graph":[{"@type":"Article","@id":"https:\/\/www.iseg.ulisboa.pt\/en\/2025\/06\/iseg-joins-new-institute-for-sustainability\/#article","isPartOf":{"@id":"https:\/\/www.iseg.ulisboa.pt\/en\/2025\/06\/iseg-joins-new-institute-for-sustainability\/"},"author":{"name":"paulamonteiro","@id":"https:\/\/www.iseg.ulisboa.pt\/en\/#\/schema\/person\/7e9048e7009ca3bad7dc5a89b8470067"},"headline":"ISEG integra novo Instituto para a sustentabilidade","datePublished":"2025-06-03T15:34:23+00:00","dateModified":"2025-06-04T08:19:33+00:00","mainEntityOfPage":{"@id":"https:\/\/www.iseg.ulisboa.pt\/en\/2025\/06\/iseg-joins-new-institute-for-sustainability\/"},"wordCount":353,"publisher":{"@id":"https:\/\/www.iseg.ulisboa.pt\/en\/#organization"},"image":{"@id":"https:\/\/www.iseg.ulisboa.pt\/en\/2025\/06\/iseg-joins-new-institute-for-sustainability\/#primaryimage"},"thumbnailUrl":"https:\/\/www.iseg.ulisboa.pt\/wp-content\/uploads\/Banner_ProtocoloSUS_Noticia.jpg","articleSection":["Acordos\/Parcerias"],"inLanguage":"en-US"},{"@type":"WebPage","@id":"https:\/\/www.iseg.ulisboa.pt\/en\/2025\/06\/iseg-joins-new-institute-for-sustainability\/","url":"https:\/\/www.iseg.ulisboa.pt\/en\/2025\/06\/iseg-joins-new-institute-for-sustainability\/","name":"ISEG joins the new Institute for Sustainability - ISEG","isPartOf":{"@id":"https:\/\/www.iseg.ulisboa.pt\/en\/#website"},"primaryImageOfPage":{"@id":"https:\/\/www.iseg.ulisboa.pt\/en\/2025\/06\/iseg-joins-new-institute-for-sustainability\/#primaryimage"},"image":{"@id":"https:\/\/www.iseg.ulisboa.pt\/en\/2025\/06\/iseg-joins-new-institute-for-sustainability\/#primaryimage"},"thumbnailUrl":"https:\/\/www.iseg.ulisboa.pt\/wp-content\/uploads\/Banner_ProtocoloSUS_Noticia.jpg","datePublished":"2025-06-03T15:34:23+00:00","dateModified":"2025-06-04T08:19:33+00:00","breadcrumb":{"@id":"https:\/\/www.iseg.ulisboa.pt\/en\/2025\/06\/iseg-joins-new-institute-for-sustainability\/#breadcrumb"},"inLanguage":"en-US","potentialAction":[{"@type":"ReadAction","target":["https:\/\/www.iseg.ulisboa.pt\/en\/2025\/06\/iseg-joins-new-institute-for-sustainability\/"]}]},{"@type":"ImageObject","inLanguage":"en-US","@id":"https:\/\/www.iseg.ulisboa.pt\/en\/2025\/06\/iseg-joins-new-institute-for-sustainability\/#primaryimage","url":"https:\/\/www.iseg.ulisboa.pt\/wp-content\/uploads\/Banner_ProtocoloSUS_Noticia.jpg","contentUrl":"https:\/\/www.iseg.ulisboa.pt\/wp-content\/uploads\/Banner_ProtocoloSUS_Noticia.jpg","width":5001,"height":2626},{"@type":"BreadcrumbList","@id":"https:\/\/www.iseg.ulisboa.pt\/en\/2025\/06\/iseg-joins-new-institute-for-sustainability\/#breadcrumb","itemListElement":[{"@type":"ListItem","position":1,"name":"Home","item":"https:\/\/www.iseg.ulisboa.pt\/"},{"@type":"ListItem","position":2,"name":"ISEG integra novo Instituto para a sustentabilidade"}]},{"@type":"WebSite","@id":"https:\/\/www.iseg.ulisboa.pt\/en\/#website","url":"https:\/\/www.iseg.ulisboa.pt\/en\/","name":"ISEG","description":"Lisbon School of Economics &amp; Management","publisher":{"@id":"https:\/\/www.iseg.ulisboa.pt\/en\/#organization"},"potentialAction":[{"@type":"SearchAction","target":{"@type":"EntryPoint","urlTemplate":"https:\/\/www.iseg.ulisboa.pt\/en\/?s={search_term_string}"},"query-input":"required name=search_term_string"}],"inLanguage":"en-US"},{"@type":"Organization","@id":"https:\/\/www.iseg.ulisboa.pt\/en\/#organization","name":"ISEG","url":"https:\/\/www.iseg.ulisboa.pt\/en\/","logo":{"@type":"ImageObject","inLanguage":"en-US","@id":"https:\/\/www.iseg.ulisboa.pt\/en\/#\/schema\/logo\/image\/","url":"https:\/\/www.iseg.ulisboa.pt\/wp-content\/uploads\/2021\/02\/iseg-logo-ul.svg","contentUrl":"https:\/\/www.iseg.ulisboa.pt\/wp-content\/uploads\/2021\/02\/iseg-logo-ul.svg","width":250,"height":120,"caption":"ISEG"},"image":{"@id":"https:\/\/www.iseg.ulisboa.pt\/en\/#\/schema\/logo\/image\/"},"sameAs":["https:\/\/www.facebook.com\/iseg.pt","https:\/\/x.com\/iseglisbon","https:\/\/www.instagram.com\/iseglisbon\/","https:\/\/www.linkedin.com\/school\/iseglisbon\/","https:\/\/www.youtube.com\/user\/DMREISEG"]},{"@type":"Person","@id":"https:\/\/www.iseg.ulisboa.pt\/en\/#\/schema\/person\/7e9048e7009ca3bad7dc5a89b8470067","name":"paulamonteiro","url":"https:\/\/www.iseg.ulisboa.pt\/en\/author\/paulamonteiro\/"}]}},"uagb_featured_image_src":{"full":["https:\/\/www.iseg.ulisboa.pt\/wp-content\/uploads\/Banner_ProtocoloSUS_Noticia.jpg",5001,2626,false],"thumbnail":["https:\/\/www.iseg.ulisboa.pt\/wp-content\/uploads\/Banner_ProtocoloSUS_Noticia-150x150.jpg",150,150,true],"medium":["https:\/\/www.iseg.ulisboa.pt\/wp-content\/uploads\/Banner_ProtocoloSUS_Noticia-300x158.jpg",300,158,true],"medium_large":["https:\/\/www.iseg.ulisboa.pt\/wp-content\/uploads\/Banner_ProtocoloSUS_Noticia.jpg",768,403,false],"large":["https:\/\/www.iseg.ulisboa.pt\/wp-content\/uploads\/Banner_ProtocoloSUS_Noticia.jpg",1024,538,false],"1536x1536":["https:\/\/www.iseg.ulisboa.pt\/wp-content\/uploads\/Banner_ProtocoloSUS_Noticia-1536x807.jpg",1536,807,true],"2048x2048":["https:\/\/www.iseg.ulisboa.pt\/wp-content\/uploads\/Banner_ProtocoloSUS_Noticia-2048x1075.jpg",2048,1075,true],"trp-custom-language-flag":["https:\/\/www.iseg.ulisboa.pt\/wp-content\/uploads\/Banner_ProtocoloSUS_Noticia-18x9.jpg",18,9,true]},"uagb_author_info":{"display_name":"paulamonteiro","author_link":"https:\/\/www.iseg.ulisboa.pt\/en\/author\/paulamonteiro\/"},"uagb_comment_info":0,"uagb_excerpt":"O ISEG \u2013 Lisbon School of Economics and Management \u00e9 uma das institui\u00e7\u00f5es fundadoras do novo Instituto para a sustentabilidade, um cons\u00f3rcio que junta universidades, empresas e entidades p\u00fablicas em&nbsp;[...]","_links":{"self":[{"href":"https:\/\/www.iseg.ulisboa.pt\/en\/wp-json\/wp\/v2\/posts\/60225"}],"collection":[{"href":"https:\/\/www.iseg.ulisboa.pt\/en\/wp-json\/wp\/v2\/posts"}],"about":[{"href":"https:\/\/www.iseg.ulisboa.pt\/en\/wp-json\/wp\/v2\/types\/post"}],"author":[{"embeddable":true,"href":"https:\/\/www.iseg.ulisboa.pt\/en\/wp-json\/wp\/v2\/users\/9"}],"replies":[{"embeddable":true,"href":"https:\/\/www.iseg.ulisboa.pt\/en\/wp-json\/wp\/v2\/comments?post=60225"}],"version-history":[{"count":0,"href":"https:\/\/www.iseg.ulisboa.pt\/en\/wp-json\/wp\/v2\/posts\/60225\/revisions"}],"wp:featuredmedia":[{"embeddable":true,"href":"https:\/\/www.iseg.ulisboa.pt\/en\/wp-json\/wp\/v2\/media\/60256"}],"wp:attachment":[{"href":"https:\/\/www.iseg.ulisboa.pt\/en\/wp-json\/wp\/v2\/media?parent=60225"}],"wp:term":[{"taxonomy":"category","embeddable":true,"href":"https:\/\/www.iseg.ulisboa.pt\/en\/wp-json\/wp\/v2\/categories?post=60225"},{"taxonomy":"topic","embeddable":true,"href":"https:\/\/www.iseg.ulisboa.pt\/en\/wp-json\/wp\/v2\/topic?post=60225"}],"curies":[{"name":"wp","href":"https:\/\/api.w.org\/{rel}","templated":true}]}}