{"id":64551,"date":"2025-10-14T15:09:16","date_gmt":"2025-10-14T15:09:16","guid":{"rendered":"https:\/\/www.iseg.ulisboa.pt\/?p=64551"},"modified":"2025-10-16T11:12:19","modified_gmt":"2025-10-16T11:12:19","slug":"alumni-mentoring","status":"publish","type":"post","link":"https:\/\/www.iseg.ulisboa.pt\/en\/2025\/10\/alumni-mentoring\/","title":{"rendered":"Alumni Mentoring"},"content":{"rendered":"<p>The<strong> Economic Alumni of ISEG<\/strong> has just launched the second edition of Professional Mentoring.<\/p>\n\n\n\n<p>This program was designed to respond to a critical stage in the careers of alumni, providing them with individual and strategic support from mentors with more than 20 years' experience and consolidated careers.<\/p>\n\n\n\n<p>The Mentoring Program offers individualized mentoring sessions, with mentors who are leading professionals, also ISEG alumni, ready to share knowledge, adapted to the specific needs and objectives of each mentee, in a confidential and personalized format.<\/p>\n\n\n\n<p>Anyone may apply who is a&nbsp;<strong>former ISEG or ISEG Executive Education student, with 5 to 15 years of professional experience and members of ISEG Alumni Econ\u00f3micas&nbsp;<\/strong>(this condition can be regularised at the time of registration, by filling in the available form&nbsp;<a rel=\"noreferrer noopener\" target=\"_blank\" href=\"https:\/\/eur02.safelinks.protection.outlook.com\/?url=https%3A%2F%2Fwww.iseg.ulisboa.pt%2Faquila%2Finvestigacao%2Falumni%2Ffaca-se-socio&amp;data=05%7C02%7Cemiliadesousa%40iseg.ulisboa.pt%7Cb1cc17eb86b04776449408de0a75c0be%7C9c184083de204859968c96f26db0bfe1%7C0%7C0%7C638959698040514426%7CUnknown%7CTWFpbGZsb3d8eyJFbXB0eU1hcGkiOnRydWUsIlYiOiIwLjAuMDAwMCIsIlAiOiJXaW4zMiIsIkFOIjoiTWFpbCIsIldUIjoyfQ%3D%3D%7C0%7C%7C%7C&amp;sdata=y4tmk9stc3pkN%2FDDJiNcs4gqrotJ1geEGk0hj8OG7d8%3D&amp;reserved=0\">here<\/a>).<\/p>\n\n\n\n<p>Take advantage of this unique opportunity to be part of a group of leaders who want to share, learn and grow in an environment of excellence, rigour, relaxation and friendship.<\/p>\n\n\n\n<p>The <a href=\"https:\/\/docs.google.com\/forms\/d\/e\/1FAIpQLSdjiXMX9AJf9E5q5WavnSOLbgx-05NRM6QCQBU0YK-5ZDNG-g\/viewform\" target=\"_blank\" rel=\"noreferrer noopener\">applications<\/a> for you<strong><u><a href=\"https:\/\/eur02.safelinks.protection.outlook.com\/?url=https%3A%2F%2Fdocs.google.com%2Fforms%2Fd%2Fe%2F1FAIpQLSedOpVGJ_YyMIcKnRTGtxazYknAUWugvBe7KBjurrl0iaD7bw%2Fviewform&amp;data=05%7C02%7Cemiliadesousa%40iseg.ulisboa.pt%7Cb1cc17eb86b04776449408de0a75c0be%7C9c184083de204859968c96f26db0bfe1%7C0%7C0%7C638959698040544047%7CUnknown%7CTWFpbGZsb3d8eyJFbXB0eU1hcGkiOnRydWUsIlYiOiIwLjAuMDAwMCIsIlAiOiJXaW4zMiIsIkFOIjoiTWFpbCIsIldUIjoyfQ%3D%3D%7C0%7C%7C%7C&amp;sdata=4yiG6WqV3FEMaIo4IADRTqIH9oHwz%2BYZkm5wVYyrol8%3D&amp;reserved=0\" target=\"_blank\" rel=\"noreferrer noopener\">&nbsp;<\/a>are open until October 21st.<\/u><\/strong><\/p>","protected":false},"excerpt":{"rendered":"ISEG Alumni Econ\u00f3micas has just launched the second edition of Professional Mentoring. This program was designed to respond to a critical stage in the careers of alumni, providing them with support [...]","protected":false},"author":60,"featured_media":64641,"comment_status":"closed","ping_status":"closed","sticky":false,"template":"","format":"standard","meta":{"inline_featured_image":false,"_uag_custom_page_level_css":"","footnotes":""},"categories":[1269],"topic":[3424],"acf":[],"yoast_head":"<!-- This site is optimized with the Yoast SEO plugin v22.6 - https:\/\/yoast.com\/wordpress\/plugins\/seo\/ -->\n<title>Alumni Mentoring - ISEG<\/title>\n<meta name=\"robots\" content=\"index, follow, max-snippet:-1, max-image-preview:large, max-video-preview:-1\" \/>\n<link rel=\"canonical\" href=\"https:\/\/www.iseg.ulisboa.pt\/en\/2025\/10\/alumni-mentoring\/\" \/>\n<meta name=\"twitter:label1\" content=\"Written by\" \/>\n\t<meta name=\"twitter:data1\" content=\"emiliadesousa\" \/>\n\t<meta name=\"twitter:label2\" content=\"Est. reading time\" \/>\n\t<meta name=\"twitter:data2\" content=\"2 minutes\" \/>\n<script type=\"application\/ld+json\" class=\"yoast-schema-graph\">{\"@context\":\"https:\/\/schema.org\",\"@graph\":[{\"@type\":\"Article\",\"@id\":\"https:\/\/www.iseg.ulisboa.pt\/en\/2025\/10\/alumni-mentoring\/#article\",\"isPartOf\":{\"@id\":\"https:\/\/www.iseg.ulisboa.pt\/en\/2025\/10\/alumni-mentoring\/\"},\"author\":{\"name\":\"emiliadesousa\",\"@id\":\"https:\/\/www.iseg.ulisboa.pt\/en\/#\/schema\/person\/6cd6f67b654166bdf43dfb8c9e65b4a0\"},\"headline\":\"Alumni Mentoring\",\"datePublished\":\"2025-10-14T15:09:16+00:00\",\"dateModified\":\"2025-10-16T11:12:19+00:00\",\"mainEntityOfPage\":{\"@id\":\"https:\/\/www.iseg.ulisboa.pt\/en\/2025\/10\/alumni-mentoring\/\"},\"wordCount\":193,\"publisher\":{\"@id\":\"https:\/\/www.iseg.ulisboa.pt\/en\/#organization\"},\"image\":{\"@id\":\"https:\/\/www.iseg.ulisboa.pt\/en\/2025\/10\/alumni-mentoring\/#primaryimage\"},\"thumbnailUrl\":\"https:\/\/www.iseg.ulisboa.pt\/wp-content\/uploads\/Ignite-Programme_Alumni_Noticia2.png\",\"articleSection\":[\"Alumni\"],\"inLanguage\":\"en-US\"},{\"@type\":\"WebPage\",\"@id\":\"https:\/\/www.iseg.ulisboa.pt\/en\/2025\/10\/alumni-mentoring\/\",\"url\":\"https:\/\/www.iseg.ulisboa.pt\/en\/2025\/10\/alumni-mentoring\/\",\"name\":\"Alumni Mentoring - ISEG\",\"isPartOf\":{\"@id\":\"https:\/\/www.iseg.ulisboa.pt\/en\/#website\"},\"primaryImageOfPage\":{\"@id\":\"https:\/\/www.iseg.ulisboa.pt\/en\/2025\/10\/alumni-mentoring\/#primaryimage\"},\"image\":{\"@id\":\"https:\/\/www.iseg.ulisboa.pt\/en\/2025\/10\/alumni-mentoring\/#primaryimage\"},\"thumbnailUrl\":\"https:\/\/www.iseg.ulisboa.pt\/wp-content\/uploads\/Ignite-Programme_Alumni_Noticia2.png\",\"datePublished\":\"2025-10-14T15:09:16+00:00\",\"dateModified\":\"2025-10-16T11:12:19+00:00\",\"breadcrumb\":{\"@id\":\"https:\/\/www.iseg.ulisboa.pt\/en\/2025\/10\/alumni-mentoring\/#breadcrumb\"},\"inLanguage\":\"en-US\",\"potentialAction\":[{\"@type\":\"ReadAction\",\"target\":[\"https:\/\/www.iseg.ulisboa.pt\/en\/2025\/10\/alumni-mentoring\/\"]}]},{\"@type\":\"ImageObject\",\"inLanguage\":\"en-US\",\"@id\":\"https:\/\/www.iseg.ulisboa.pt\/en\/2025\/10\/alumni-mentoring\/#primaryimage\",\"url\":\"https:\/\/www.iseg.ulisboa.pt\/wp-content\/uploads\/Ignite-Programme_Alumni_Noticia2.png\",\"contentUrl\":\"https:\/\/www.iseg.ulisboa.pt\/wp-content\/uploads\/Ignite-Programme_Alumni_Noticia2.png\",\"width\":1200,\"height\":630},{\"@type\":\"BreadcrumbList\",\"@id\":\"https:\/\/www.iseg.ulisboa.pt\/en\/2025\/10\/alumni-mentoring\/#breadcrumb\",\"itemListElement\":[{\"@type\":\"ListItem\",\"position\":1,\"name\":\"Home\",\"item\":\"https:\/\/www.iseg.ulisboa.pt\/\"},{\"@type\":\"ListItem\",\"position\":2,\"name\":\"Alumni Mentoring\"}]},{\"@type\":\"WebSite\",\"@id\":\"https:\/\/www.iseg.ulisboa.pt\/en\/#website\",\"url\":\"https:\/\/www.iseg.ulisboa.pt\/en\/\",\"name\":\"ISEG\",\"description\":\"Lisbon School of Economics &amp; Management\",\"publisher\":{\"@id\":\"https:\/\/www.iseg.ulisboa.pt\/en\/#organization\"},\"potentialAction\":[{\"@type\":\"SearchAction\",\"target\":{\"@type\":\"EntryPoint\",\"urlTemplate\":\"https:\/\/www.iseg.ulisboa.pt\/en\/?s={search_term_string}\"},\"query-input\":\"required name=search_term_string\"}],\"inLanguage\":\"en-US\"},{\"@type\":\"Organization\",\"@id\":\"https:\/\/www.iseg.ulisboa.pt\/en\/#organization\",\"name\":\"ISEG\",\"url\":\"https:\/\/www.iseg.ulisboa.pt\/en\/\",\"logo\":{\"@type\":\"ImageObject\",\"inLanguage\":\"en-US\",\"@id\":\"https:\/\/www.iseg.ulisboa.pt\/en\/#\/schema\/logo\/image\/\",\"url\":\"https:\/\/www.iseg.ulisboa.pt\/wp-content\/uploads\/2021\/02\/iseg-logo-ul.svg\",\"contentUrl\":\"https:\/\/www.iseg.ulisboa.pt\/wp-content\/uploads\/2021\/02\/iseg-logo-ul.svg\",\"width\":250,\"height\":120,\"caption\":\"ISEG\"},\"image\":{\"@id\":\"https:\/\/www.iseg.ulisboa.pt\/en\/#\/schema\/logo\/image\/\"},\"sameAs\":[\"https:\/\/www.facebook.com\/iseg.pt\",\"https:\/\/x.com\/iseglisbon\",\"https:\/\/www.instagram.com\/iseglisbon\/\",\"https:\/\/www.linkedin.com\/school\/iseglisbon\/\",\"https:\/\/www.youtube.com\/user\/DMREISEG\"]},{\"@type\":\"Person\",\"@id\":\"https:\/\/www.iseg.ulisboa.pt\/en\/#\/schema\/person\/6cd6f67b654166bdf43dfb8c9e65b4a0\",\"name\":\"emiliadesousa\",\"url\":\"https:\/\/www.iseg.ulisboa.pt\/en\/author\/emiliadesousa\/\"}]}<\/script>\n<!-- \/ Yoast SEO plugin. -->","yoast_head_json":{"title":"Alumni Mentoring - ISEG","robots":{"index":"index","follow":"follow","max-snippet":"max-snippet:-1","max-image-preview":"max-image-preview:large","max-video-preview":"max-video-preview:-1"},"canonical":"https:\/\/www.iseg.ulisboa.pt\/en\/2025\/10\/alumni-mentoring\/","twitter_misc":{"Written by":"emiliadesousa","Est. reading time":"2 minutes"},"schema":{"@context":"https:\/\/schema.org","@graph":[{"@type":"Article","@id":"https:\/\/www.iseg.ulisboa.pt\/en\/2025\/10\/alumni-mentoring\/#article","isPartOf":{"@id":"https:\/\/www.iseg.ulisboa.pt\/en\/2025\/10\/alumni-mentoring\/"},"author":{"name":"emiliadesousa","@id":"https:\/\/www.iseg.ulisboa.pt\/en\/#\/schema\/person\/6cd6f67b654166bdf43dfb8c9e65b4a0"},"headline":"Alumni Mentoring","datePublished":"2025-10-14T15:09:16+00:00","dateModified":"2025-10-16T11:12:19+00:00","mainEntityOfPage":{"@id":"https:\/\/www.iseg.ulisboa.pt\/en\/2025\/10\/alumni-mentoring\/"},"wordCount":193,"publisher":{"@id":"https:\/\/www.iseg.ulisboa.pt\/en\/#organization"},"image":{"@id":"https:\/\/www.iseg.ulisboa.pt\/en\/2025\/10\/alumni-mentoring\/#primaryimage"},"thumbnailUrl":"https:\/\/www.iseg.ulisboa.pt\/wp-content\/uploads\/Ignite-Programme_Alumni_Noticia2.png","articleSection":["Alumni"],"inLanguage":"en-US"},{"@type":"WebPage","@id":"https:\/\/www.iseg.ulisboa.pt\/en\/2025\/10\/alumni-mentoring\/","url":"https:\/\/www.iseg.ulisboa.pt\/en\/2025\/10\/alumni-mentoring\/","name":"Alumni Mentoring - ISEG","isPartOf":{"@id":"https:\/\/www.iseg.ulisboa.pt\/en\/#website"},"primaryImageOfPage":{"@id":"https:\/\/www.iseg.ulisboa.pt\/en\/2025\/10\/alumni-mentoring\/#primaryimage"},"image":{"@id":"https:\/\/www.iseg.ulisboa.pt\/en\/2025\/10\/alumni-mentoring\/#primaryimage"},"thumbnailUrl":"https:\/\/www.iseg.ulisboa.pt\/wp-content\/uploads\/Ignite-Programme_Alumni_Noticia2.png","datePublished":"2025-10-14T15:09:16+00:00","dateModified":"2025-10-16T11:12:19+00:00","breadcrumb":{"@id":"https:\/\/www.iseg.ulisboa.pt\/en\/2025\/10\/alumni-mentoring\/#breadcrumb"},"inLanguage":"en-US","potentialAction":[{"@type":"ReadAction","target":["https:\/\/www.iseg.ulisboa.pt\/en\/2025\/10\/alumni-mentoring\/"]}]},{"@type":"ImageObject","inLanguage":"en-US","@id":"https:\/\/www.iseg.ulisboa.pt\/en\/2025\/10\/alumni-mentoring\/#primaryimage","url":"https:\/\/www.iseg.ulisboa.pt\/wp-content\/uploads\/Ignite-Programme_Alumni_Noticia2.png","contentUrl":"https:\/\/www.iseg.ulisboa.pt\/wp-content\/uploads\/Ignite-Programme_Alumni_Noticia2.png","width":1200,"height":630},{"@type":"BreadcrumbList","@id":"https:\/\/www.iseg.ulisboa.pt\/en\/2025\/10\/alumni-mentoring\/#breadcrumb","itemListElement":[{"@type":"ListItem","position":1,"name":"Home","item":"https:\/\/www.iseg.ulisboa.pt\/"},{"@type":"ListItem","position":2,"name":"Alumni Mentoring"}]},{"@type":"WebSite","@id":"https:\/\/www.iseg.ulisboa.pt\/en\/#website","url":"https:\/\/www.iseg.ulisboa.pt\/en\/","name":"ISEG","description":"Lisbon School of Economics &amp; Management","publisher":{"@id":"https:\/\/www.iseg.ulisboa.pt\/en\/#organization"},"potentialAction":[{"@type":"SearchAction","target":{"@type":"EntryPoint","urlTemplate":"https:\/\/www.iseg.ulisboa.pt\/en\/?s={search_term_string}"},"query-input":"required name=search_term_string"}],"inLanguage":"en-US"},{"@type":"Organization","@id":"https:\/\/www.iseg.ulisboa.pt\/en\/#organization","name":"ISEG","url":"https:\/\/www.iseg.ulisboa.pt\/en\/","logo":{"@type":"ImageObject","inLanguage":"en-US","@id":"https:\/\/www.iseg.ulisboa.pt\/en\/#\/schema\/logo\/image\/","url":"https:\/\/www.iseg.ulisboa.pt\/wp-content\/uploads\/2021\/02\/iseg-logo-ul.svg","contentUrl":"https:\/\/www.iseg.ulisboa.pt\/wp-content\/uploads\/2021\/02\/iseg-logo-ul.svg","width":250,"height":120,"caption":"ISEG"},"image":{"@id":"https:\/\/www.iseg.ulisboa.pt\/en\/#\/schema\/logo\/image\/"},"sameAs":["https:\/\/www.facebook.com\/iseg.pt","https:\/\/x.com\/iseglisbon","https:\/\/www.instagram.com\/iseglisbon\/","https:\/\/www.linkedin.com\/school\/iseglisbon\/","https:\/\/www.youtube.com\/user\/DMREISEG"]},{"@type":"Person","@id":"https:\/\/www.iseg.ulisboa.pt\/en\/#\/schema\/person\/6cd6f67b654166bdf43dfb8c9e65b4a0","name":"emiliadesousa","url":"https:\/\/www.iseg.ulisboa.pt\/en\/author\/emiliadesousa\/"}]}},"uagb_featured_image_src":{"full":["https:\/\/www.iseg.ulisboa.pt\/wp-content\/uploads\/Ignite-Programme_Alumni_Noticia2.png",1200,630,false],"thumbnail":["https:\/\/www.iseg.ulisboa.pt\/wp-content\/uploads\/Ignite-Programme_Alumni_Noticia2-150x150.png",150,150,true],"medium":["https:\/\/www.iseg.ulisboa.pt\/wp-content\/uploads\/Ignite-Programme_Alumni_Noticia2-300x158.png",300,158,true],"medium_large":["https:\/\/www.iseg.ulisboa.pt\/wp-content\/uploads\/Ignite-Programme_Alumni_Noticia2.png",768,403,false],"large":["https:\/\/www.iseg.ulisboa.pt\/wp-content\/uploads\/Ignite-Programme_Alumni_Noticia2.png",1024,538,false],"1536x1536":["https:\/\/www.iseg.ulisboa.pt\/wp-content\/uploads\/Ignite-Programme_Alumni_Noticia2.png",1200,630,false],"2048x2048":["https:\/\/www.iseg.ulisboa.pt\/wp-content\/uploads\/Ignite-Programme_Alumni_Noticia2.png",1200,630,false],"trp-custom-language-flag":["https:\/\/www.iseg.ulisboa.pt\/wp-content\/uploads\/Ignite-Programme_Alumni_Noticia2-18x9.png",18,9,true]},"uagb_author_info":{"display_name":"emiliadesousa","author_link":"https:\/\/www.iseg.ulisboa.pt\/en\/author\/emiliadesousa\/"},"uagb_comment_info":0,"uagb_excerpt":"A ISEG Alumni Econ\u00f3micas acaba de lan\u00e7ar a segunda edi\u00e7\u00e3o do Professional Mentoring. Este programa foi desenhado para dar resposta a uma fase cr\u00edtica das carreiras dos alumni, proporcionando-lhes acompanhamento&nbsp;[...]","_links":{"self":[{"href":"https:\/\/www.iseg.ulisboa.pt\/en\/wp-json\/wp\/v2\/posts\/64551"}],"collection":[{"href":"https:\/\/www.iseg.ulisboa.pt\/en\/wp-json\/wp\/v2\/posts"}],"about":[{"href":"https:\/\/www.iseg.ulisboa.pt\/en\/wp-json\/wp\/v2\/types\/post"}],"author":[{"embeddable":true,"href":"https:\/\/www.iseg.ulisboa.pt\/en\/wp-json\/wp\/v2\/users\/60"}],"replies":[{"embeddable":true,"href":"https:\/\/www.iseg.ulisboa.pt\/en\/wp-json\/wp\/v2\/comments?post=64551"}],"version-history":[{"count":0,"href":"https:\/\/www.iseg.ulisboa.pt\/en\/wp-json\/wp\/v2\/posts\/64551\/revisions"}],"wp:featuredmedia":[{"embeddable":true,"href":"https:\/\/www.iseg.ulisboa.pt\/en\/wp-json\/wp\/v2\/media\/64641"}],"wp:attachment":[{"href":"https:\/\/www.iseg.ulisboa.pt\/en\/wp-json\/wp\/v2\/media?parent=64551"}],"wp:term":[{"taxonomy":"category","embeddable":true,"href":"https:\/\/www.iseg.ulisboa.pt\/en\/wp-json\/wp\/v2\/categories?post=64551"},{"taxonomy":"topic","embeddable":true,"href":"https:\/\/www.iseg.ulisboa.pt\/en\/wp-json\/wp\/v2\/topic?post=64551"}],"curies":[{"name":"wp","href":"https:\/\/api.w.org\/{rel}","templated":true}]}}