{"id":64713,"date":"2025-10-17T17:28:45","date_gmt":"2025-10-17T17:28:45","guid":{"rendered":"https:\/\/www.iseg.ulisboa.pt\/?p=64713"},"modified":"2025-10-17T17:44:25","modified_gmt":"2025-10-17T17:44:25","slug":"iseg-marks-international-day-for-the-eradication-of-poverty-with-analysis-of-gender-inequalities-in-poverty-in-portugal","status":"publish","type":"post","link":"https:\/\/www.iseg.ulisboa.pt\/en\/2025\/10\/iseg-marks-international-day-for-the-eradication-of-poverty-with-analysis-of-gender-inequalities-in-poverty-in-portugal\/","title":{"rendered":"ISEG marks International Day for the Eradication of Poverty with analysis of gender inequalities in poverty in Portugal"},"content":{"rendered":"<p>Today, 17 October, we mark the <strong>International Day for the Eradication of Poverty <\/strong>with the publication of the <strong>'Gender Poverty Gap in Portugal' datasheet<\/strong>, published by the <strong>Gender, Labour, and Power Observatory <\/strong>of<strong> ISEG Research<\/strong>.<\/p>\n\n\n\n<p>About <strong>978,000 women lived in monetary poverty in Portugal in 2023<\/strong>, according to the latest <em>datasheet<\/em> published today by the <strong>Gender, Work and Power Observatory of ISEG\/ISEG Research<\/strong>, authored by professor <strong>Carlos Farinha Rodrigues<\/strong>.<\/p>\n\n\n\n<p>The analysis, based on data from the <strong>Living Conditions and Income Survey (ICOR, 2024)<\/strong>, reveals that the <strong>poverty rate among women was 17.6%<\/strong>, exceeding by <strong>2.2% the equivalent percentage for men<\/strong>, and overall <strong>1% above the national average<\/strong>. In relative terms, <strong>women represented 52% of the population <\/strong>in poverty.<\/p>\n\n\n\n<p>The study draws attention to the <strong>Gender Poverty Gap (GPG)<\/strong> - the ratio between female and male poverty rates - which <strong>reached a value of 1.14<\/strong>. This is higher than the European Union average (1.09). This indicator shows the persistence of gender inequalities in respect of poverty in Portugal.<\/p>\n\n\n\n<p>\ud83d\udc49A <em>datasheet<\/em> can be consulted in full <a href=\"https:\/\/www.iseg.ulisboa.pt\/genero-trabalho-poder\/wp-content\/uploads\/sites\/26\/2025\/10\/GenderPovertyGap_Datasheet_2.pdf\" target=\"_blank\" rel=\"noreferrer noopener\">on this link<\/a>.<\/p>","protected":false},"excerpt":{"rendered":"Today, October 17, we mark the International Day for the Eradication of Poverty with the publication of the datasheet \"Gender Poverty Gap in Portugal\", published by the Gender, Work and Power Observatory [...]","protected":false},"author":9,"featured_media":64731,"comment_status":"closed","ping_status":"closed","sticky":false,"template":"","format":"standard","meta":{"inline_featured_image":false,"_uag_custom_page_level_css":"","footnotes":""},"categories":[1],"topic":[1401,3424],"acf":[],"yoast_head":"<!-- This site is optimized with the Yoast SEO plugin v22.6 - https:\/\/yoast.com\/wordpress\/plugins\/seo\/ -->\n<title>ISEG assinala Dia Internacional para a Erradica\u00e7\u00e3o da Pobreza com an\u00e1lise sobre desigualdades de g\u00e9nero na pobreza em Portugal - ISEG<\/title>\n<meta name=\"robots\" content=\"index, follow, max-snippet:-1, max-image-preview:large, max-video-preview:-1\" \/>\n<link rel=\"canonical\" href=\"https:\/\/www.iseg.ulisboa.pt\/en\/2025\/10\/iseg-marks-international-day-for-the-eradication-of-poverty-with-analysis-of-gender-inequalities-in-poverty-in-portugal\/\" \/>\n<meta name=\"twitter:label1\" content=\"Written by\" \/>\n\t<meta name=\"twitter:data1\" content=\"paulamonteiro\" \/>\n\t<meta name=\"twitter:label2\" content=\"Est. reading time\" \/>\n\t<meta name=\"twitter:data2\" content=\"2 minutes\" \/>\n<script type=\"application\/ld+json\" class=\"yoast-schema-graph\">{\"@context\":\"https:\/\/schema.org\",\"@graph\":[{\"@type\":\"Article\",\"@id\":\"https:\/\/www.iseg.ulisboa.pt\/en\/2025\/10\/iseg-marks-international-day-for-the-eradication-of-poverty-with-analysis-of-gender-inequalities-in-poverty-in-portugal\/#article\",\"isPartOf\":{\"@id\":\"https:\/\/www.iseg.ulisboa.pt\/en\/2025\/10\/iseg-marks-international-day-for-the-eradication-of-poverty-with-analysis-of-gender-inequalities-in-poverty-in-portugal\/\"},\"author\":{\"name\":\"paulamonteiro\",\"@id\":\"https:\/\/www.iseg.ulisboa.pt\/en\/#\/schema\/person\/7e9048e7009ca3bad7dc5a89b8470067\"},\"headline\":\"ISEG assinala Dia Internacional para a Erradica\u00e7\u00e3o da Pobreza com an\u00e1lise sobre desigualdades de g\u00e9nero na pobreza em Portugal\",\"datePublished\":\"2025-10-17T17:28:45+00:00\",\"dateModified\":\"2025-10-17T17:44:25+00:00\",\"mainEntityOfPage\":{\"@id\":\"https:\/\/www.iseg.ulisboa.pt\/en\/2025\/10\/iseg-marks-international-day-for-the-eradication-of-poverty-with-analysis-of-gender-inequalities-in-poverty-in-portugal\/\"},\"wordCount\":217,\"publisher\":{\"@id\":\"https:\/\/www.iseg.ulisboa.pt\/en\/#organization\"},\"image\":{\"@id\":\"https:\/\/www.iseg.ulisboa.pt\/en\/2025\/10\/iseg-marks-international-day-for-the-eradication-of-poverty-with-analysis-of-gender-inequalities-in-poverty-in-portugal\/#primaryimage\"},\"thumbnailUrl\":\"https:\/\/www.iseg.ulisboa.pt\/wp-content\/uploads\/GPG_DataSheet25_Noticia.png\",\"articleSection\":[\"Others\"],\"inLanguage\":\"en-US\"},{\"@type\":\"WebPage\",\"@id\":\"https:\/\/www.iseg.ulisboa.pt\/en\/2025\/10\/iseg-marks-international-day-for-the-eradication-of-poverty-with-analysis-of-gender-inequalities-in-poverty-in-portugal\/\",\"url\":\"https:\/\/www.iseg.ulisboa.pt\/en\/2025\/10\/iseg-marks-international-day-for-the-eradication-of-poverty-with-analysis-of-gender-inequalities-in-poverty-in-portugal\/\",\"name\":\"ISEG assinala Dia Internacional para a Erradica\u00e7\u00e3o da Pobreza com an\u00e1lise sobre desigualdades de g\u00e9nero na pobreza em Portugal - ISEG\",\"isPartOf\":{\"@id\":\"https:\/\/www.iseg.ulisboa.pt\/en\/#website\"},\"primaryImageOfPage\":{\"@id\":\"https:\/\/www.iseg.ulisboa.pt\/en\/2025\/10\/iseg-marks-international-day-for-the-eradication-of-poverty-with-analysis-of-gender-inequalities-in-poverty-in-portugal\/#primaryimage\"},\"image\":{\"@id\":\"https:\/\/www.iseg.ulisboa.pt\/en\/2025\/10\/iseg-marks-international-day-for-the-eradication-of-poverty-with-analysis-of-gender-inequalities-in-poverty-in-portugal\/#primaryimage\"},\"thumbnailUrl\":\"https:\/\/www.iseg.ulisboa.pt\/wp-content\/uploads\/GPG_DataSheet25_Noticia.png\",\"datePublished\":\"2025-10-17T17:28:45+00:00\",\"dateModified\":\"2025-10-17T17:44:25+00:00\",\"breadcrumb\":{\"@id\":\"https:\/\/www.iseg.ulisboa.pt\/en\/2025\/10\/iseg-marks-international-day-for-the-eradication-of-poverty-with-analysis-of-gender-inequalities-in-poverty-in-portugal\/#breadcrumb\"},\"inLanguage\":\"en-US\",\"potentialAction\":[{\"@type\":\"ReadAction\",\"target\":[\"https:\/\/www.iseg.ulisboa.pt\/en\/2025\/10\/iseg-marks-international-day-for-the-eradication-of-poverty-with-analysis-of-gender-inequalities-in-poverty-in-portugal\/\"]}]},{\"@type\":\"ImageObject\",\"inLanguage\":\"en-US\",\"@id\":\"https:\/\/www.iseg.ulisboa.pt\/en\/2025\/10\/iseg-marks-international-day-for-the-eradication-of-poverty-with-analysis-of-gender-inequalities-in-poverty-in-portugal\/#primaryimage\",\"url\":\"https:\/\/www.iseg.ulisboa.pt\/wp-content\/uploads\/GPG_DataSheet25_Noticia.png\",\"contentUrl\":\"https:\/\/www.iseg.ulisboa.pt\/wp-content\/uploads\/GPG_DataSheet25_Noticia.png\",\"width\":1200,\"height\":630},{\"@type\":\"BreadcrumbList\",\"@id\":\"https:\/\/www.iseg.ulisboa.pt\/en\/2025\/10\/iseg-marks-international-day-for-the-eradication-of-poverty-with-analysis-of-gender-inequalities-in-poverty-in-portugal\/#breadcrumb\",\"itemListElement\":[{\"@type\":\"ListItem\",\"position\":1,\"name\":\"Home\",\"item\":\"https:\/\/www.iseg.ulisboa.pt\/\"},{\"@type\":\"ListItem\",\"position\":2,\"name\":\"ISEG assinala Dia Internacional para a Erradica\u00e7\u00e3o da Pobreza com an\u00e1lise sobre desigualdades de g\u00e9nero na pobreza em Portugal\"}]},{\"@type\":\"WebSite\",\"@id\":\"https:\/\/www.iseg.ulisboa.pt\/en\/#website\",\"url\":\"https:\/\/www.iseg.ulisboa.pt\/en\/\",\"name\":\"ISEG\",\"description\":\"Lisbon School of Economics &amp; Management\",\"publisher\":{\"@id\":\"https:\/\/www.iseg.ulisboa.pt\/en\/#organization\"},\"potentialAction\":[{\"@type\":\"SearchAction\",\"target\":{\"@type\":\"EntryPoint\",\"urlTemplate\":\"https:\/\/www.iseg.ulisboa.pt\/en\/?s={search_term_string}\"},\"query-input\":\"required name=search_term_string\"}],\"inLanguage\":\"en-US\"},{\"@type\":\"Organization\",\"@id\":\"https:\/\/www.iseg.ulisboa.pt\/en\/#organization\",\"name\":\"ISEG\",\"url\":\"https:\/\/www.iseg.ulisboa.pt\/en\/\",\"logo\":{\"@type\":\"ImageObject\",\"inLanguage\":\"en-US\",\"@id\":\"https:\/\/www.iseg.ulisboa.pt\/en\/#\/schema\/logo\/image\/\",\"url\":\"https:\/\/www.iseg.ulisboa.pt\/wp-content\/uploads\/2021\/02\/iseg-logo-ul.svg\",\"contentUrl\":\"https:\/\/www.iseg.ulisboa.pt\/wp-content\/uploads\/2021\/02\/iseg-logo-ul.svg\",\"width\":250,\"height\":120,\"caption\":\"ISEG\"},\"image\":{\"@id\":\"https:\/\/www.iseg.ulisboa.pt\/en\/#\/schema\/logo\/image\/\"},\"sameAs\":[\"https:\/\/www.facebook.com\/iseg.pt\",\"https:\/\/x.com\/iseglisbon\",\"https:\/\/www.instagram.com\/iseglisbon\/\",\"https:\/\/www.linkedin.com\/school\/iseglisbon\/\",\"https:\/\/www.youtube.com\/user\/DMREISEG\"]},{\"@type\":\"Person\",\"@id\":\"https:\/\/www.iseg.ulisboa.pt\/en\/#\/schema\/person\/7e9048e7009ca3bad7dc5a89b8470067\",\"name\":\"paulamonteiro\",\"url\":\"https:\/\/www.iseg.ulisboa.pt\/en\/author\/paulamonteiro\/\"}]}<\/script>\n<!-- \/ Yoast SEO plugin. -->","yoast_head_json":{"title":"ISEG marks International Day for the Eradication of Poverty with analysis of gender inequalities in poverty in Portugal - ISEG","robots":{"index":"index","follow":"follow","max-snippet":"max-snippet:-1","max-image-preview":"max-image-preview:large","max-video-preview":"max-video-preview:-1"},"canonical":"https:\/\/www.iseg.ulisboa.pt\/en\/2025\/10\/iseg-marks-international-day-for-the-eradication-of-poverty-with-analysis-of-gender-inequalities-in-poverty-in-portugal\/","twitter_misc":{"Written by":"paulamonteiro","Est. reading time":"2 minutes"},"schema":{"@context":"https:\/\/schema.org","@graph":[{"@type":"Article","@id":"https:\/\/www.iseg.ulisboa.pt\/en\/2025\/10\/iseg-marks-international-day-for-the-eradication-of-poverty-with-analysis-of-gender-inequalities-in-poverty-in-portugal\/#article","isPartOf":{"@id":"https:\/\/www.iseg.ulisboa.pt\/en\/2025\/10\/iseg-marks-international-day-for-the-eradication-of-poverty-with-analysis-of-gender-inequalities-in-poverty-in-portugal\/"},"author":{"name":"paulamonteiro","@id":"https:\/\/www.iseg.ulisboa.pt\/en\/#\/schema\/person\/7e9048e7009ca3bad7dc5a89b8470067"},"headline":"ISEG assinala Dia Internacional para a Erradica\u00e7\u00e3o da Pobreza com an\u00e1lise sobre desigualdades de g\u00e9nero na pobreza em Portugal","datePublished":"2025-10-17T17:28:45+00:00","dateModified":"2025-10-17T17:44:25+00:00","mainEntityOfPage":{"@id":"https:\/\/www.iseg.ulisboa.pt\/en\/2025\/10\/iseg-marks-international-day-for-the-eradication-of-poverty-with-analysis-of-gender-inequalities-in-poverty-in-portugal\/"},"wordCount":217,"publisher":{"@id":"https:\/\/www.iseg.ulisboa.pt\/en\/#organization"},"image":{"@id":"https:\/\/www.iseg.ulisboa.pt\/en\/2025\/10\/iseg-marks-international-day-for-the-eradication-of-poverty-with-analysis-of-gender-inequalities-in-poverty-in-portugal\/#primaryimage"},"thumbnailUrl":"https:\/\/www.iseg.ulisboa.pt\/wp-content\/uploads\/GPG_DataSheet25_Noticia.png","articleSection":["Others"],"inLanguage":"en-US"},{"@type":"WebPage","@id":"https:\/\/www.iseg.ulisboa.pt\/en\/2025\/10\/iseg-marks-international-day-for-the-eradication-of-poverty-with-analysis-of-gender-inequalities-in-poverty-in-portugal\/","url":"https:\/\/www.iseg.ulisboa.pt\/en\/2025\/10\/iseg-marks-international-day-for-the-eradication-of-poverty-with-analysis-of-gender-inequalities-in-poverty-in-portugal\/","name":"ISEG marks International Day for the Eradication of Poverty with analysis of gender inequalities in poverty in Portugal - ISEG","isPartOf":{"@id":"https:\/\/www.iseg.ulisboa.pt\/en\/#website"},"primaryImageOfPage":{"@id":"https:\/\/www.iseg.ulisboa.pt\/en\/2025\/10\/iseg-marks-international-day-for-the-eradication-of-poverty-with-analysis-of-gender-inequalities-in-poverty-in-portugal\/#primaryimage"},"image":{"@id":"https:\/\/www.iseg.ulisboa.pt\/en\/2025\/10\/iseg-marks-international-day-for-the-eradication-of-poverty-with-analysis-of-gender-inequalities-in-poverty-in-portugal\/#primaryimage"},"thumbnailUrl":"https:\/\/www.iseg.ulisboa.pt\/wp-content\/uploads\/GPG_DataSheet25_Noticia.png","datePublished":"2025-10-17T17:28:45+00:00","dateModified":"2025-10-17T17:44:25+00:00","breadcrumb":{"@id":"https:\/\/www.iseg.ulisboa.pt\/en\/2025\/10\/iseg-marks-international-day-for-the-eradication-of-poverty-with-analysis-of-gender-inequalities-in-poverty-in-portugal\/#breadcrumb"},"inLanguage":"en-US","potentialAction":[{"@type":"ReadAction","target":["https:\/\/www.iseg.ulisboa.pt\/en\/2025\/10\/iseg-marks-international-day-for-the-eradication-of-poverty-with-analysis-of-gender-inequalities-in-poverty-in-portugal\/"]}]},{"@type":"ImageObject","inLanguage":"en-US","@id":"https:\/\/www.iseg.ulisboa.pt\/en\/2025\/10\/iseg-marks-international-day-for-the-eradication-of-poverty-with-analysis-of-gender-inequalities-in-poverty-in-portugal\/#primaryimage","url":"https:\/\/www.iseg.ulisboa.pt\/wp-content\/uploads\/GPG_DataSheet25_Noticia.png","contentUrl":"https:\/\/www.iseg.ulisboa.pt\/wp-content\/uploads\/GPG_DataSheet25_Noticia.png","width":1200,"height":630},{"@type":"BreadcrumbList","@id":"https:\/\/www.iseg.ulisboa.pt\/en\/2025\/10\/iseg-marks-international-day-for-the-eradication-of-poverty-with-analysis-of-gender-inequalities-in-poverty-in-portugal\/#breadcrumb","itemListElement":[{"@type":"ListItem","position":1,"name":"Home","item":"https:\/\/www.iseg.ulisboa.pt\/"},{"@type":"ListItem","position":2,"name":"ISEG assinala Dia Internacional para a Erradica\u00e7\u00e3o da Pobreza com an\u00e1lise sobre desigualdades de g\u00e9nero na pobreza em Portugal"}]},{"@type":"WebSite","@id":"https:\/\/www.iseg.ulisboa.pt\/en\/#website","url":"https:\/\/www.iseg.ulisboa.pt\/en\/","name":"ISEG","description":"Lisbon School of Economics &amp; Management","publisher":{"@id":"https:\/\/www.iseg.ulisboa.pt\/en\/#organization"},"potentialAction":[{"@type":"SearchAction","target":{"@type":"EntryPoint","urlTemplate":"https:\/\/www.iseg.ulisboa.pt\/en\/?s={search_term_string}"},"query-input":"required name=search_term_string"}],"inLanguage":"en-US"},{"@type":"Organization","@id":"https:\/\/www.iseg.ulisboa.pt\/en\/#organization","name":"ISEG","url":"https:\/\/www.iseg.ulisboa.pt\/en\/","logo":{"@type":"ImageObject","inLanguage":"en-US","@id":"https:\/\/www.iseg.ulisboa.pt\/en\/#\/schema\/logo\/image\/","url":"https:\/\/www.iseg.ulisboa.pt\/wp-content\/uploads\/2021\/02\/iseg-logo-ul.svg","contentUrl":"https:\/\/www.iseg.ulisboa.pt\/wp-content\/uploads\/2021\/02\/iseg-logo-ul.svg","width":250,"height":120,"caption":"ISEG"},"image":{"@id":"https:\/\/www.iseg.ulisboa.pt\/en\/#\/schema\/logo\/image\/"},"sameAs":["https:\/\/www.facebook.com\/iseg.pt","https:\/\/x.com\/iseglisbon","https:\/\/www.instagram.com\/iseglisbon\/","https:\/\/www.linkedin.com\/school\/iseglisbon\/","https:\/\/www.youtube.com\/user\/DMREISEG"]},{"@type":"Person","@id":"https:\/\/www.iseg.ulisboa.pt\/en\/#\/schema\/person\/7e9048e7009ca3bad7dc5a89b8470067","name":"paulamonteiro","url":"https:\/\/www.iseg.ulisboa.pt\/en\/author\/paulamonteiro\/"}]}},"uagb_featured_image_src":{"full":["https:\/\/www.iseg.ulisboa.pt\/wp-content\/uploads\/GPG_DataSheet25_Noticia.png",1200,630,false],"thumbnail":["https:\/\/www.iseg.ulisboa.pt\/wp-content\/uploads\/GPG_DataSheet25_Noticia-150x150.png",150,150,true],"medium":["https:\/\/www.iseg.ulisboa.pt\/wp-content\/uploads\/GPG_DataSheet25_Noticia-300x158.png",300,158,true],"medium_large":["https:\/\/www.iseg.ulisboa.pt\/wp-content\/uploads\/GPG_DataSheet25_Noticia.png",768,403,false],"large":["https:\/\/www.iseg.ulisboa.pt\/wp-content\/uploads\/GPG_DataSheet25_Noticia.png",1024,538,false],"1536x1536":["https:\/\/www.iseg.ulisboa.pt\/wp-content\/uploads\/GPG_DataSheet25_Noticia.png",1200,630,false],"2048x2048":["https:\/\/www.iseg.ulisboa.pt\/wp-content\/uploads\/GPG_DataSheet25_Noticia.png",1200,630,false],"trp-custom-language-flag":["https:\/\/www.iseg.ulisboa.pt\/wp-content\/uploads\/GPG_DataSheet25_Noticia-18x9.png",18,9,true]},"uagb_author_info":{"display_name":"paulamonteiro","author_link":"https:\/\/www.iseg.ulisboa.pt\/en\/author\/paulamonteiro\/"},"uagb_comment_info":0,"uagb_excerpt":"Hoje, 17 de outubro, assinalamos o Dia Internacional para a Erradica\u00e7\u00e3o da Pobreza com a publica\u00e7\u00e3o da datasheet &#8220;Gender Poverty Gap em Portugal&#8221;, publicada pelo Observat\u00f3rio G\u00e9nero, Trabalho e Poder&nbsp;[...]","_links":{"self":[{"href":"https:\/\/www.iseg.ulisboa.pt\/en\/wp-json\/wp\/v2\/posts\/64713"}],"collection":[{"href":"https:\/\/www.iseg.ulisboa.pt\/en\/wp-json\/wp\/v2\/posts"}],"about":[{"href":"https:\/\/www.iseg.ulisboa.pt\/en\/wp-json\/wp\/v2\/types\/post"}],"author":[{"embeddable":true,"href":"https:\/\/www.iseg.ulisboa.pt\/en\/wp-json\/wp\/v2\/users\/9"}],"replies":[{"embeddable":true,"href":"https:\/\/www.iseg.ulisboa.pt\/en\/wp-json\/wp\/v2\/comments?post=64713"}],"version-history":[{"count":0,"href":"https:\/\/www.iseg.ulisboa.pt\/en\/wp-json\/wp\/v2\/posts\/64713\/revisions"}],"wp:featuredmedia":[{"embeddable":true,"href":"https:\/\/www.iseg.ulisboa.pt\/en\/wp-json\/wp\/v2\/media\/64731"}],"wp:attachment":[{"href":"https:\/\/www.iseg.ulisboa.pt\/en\/wp-json\/wp\/v2\/media?parent=64713"}],"wp:term":[{"taxonomy":"category","embeddable":true,"href":"https:\/\/www.iseg.ulisboa.pt\/en\/wp-json\/wp\/v2\/categories?post=64713"},{"taxonomy":"topic","embeddable":true,"href":"https:\/\/www.iseg.ulisboa.pt\/en\/wp-json\/wp\/v2\/topic?post=64713"}],"curies":[{"name":"wp","href":"https:\/\/api.w.org\/{rel}","templated":true}]}}