{"id":67203,"date":"2026-02-12T12:06:28","date_gmt":"2026-02-12T12:06:28","guid":{"rendered":"https:\/\/www.iseg.ulisboa.pt\/?p=67203"},"modified":"2026-02-13T12:10:55","modified_gmt":"2026-02-13T12:10:55","slug":"open-days-for-secondary-school-students","status":"publish","type":"post","link":"https:\/\/www.iseg.ulisboa.pt\/en\/2026\/02\/open-days-for-secondary-school-students\/","title":{"rendered":"Open days for secondary school students"},"content":{"rendered":"<p class=\"has-iseg-red-color has-text-color has-link-color has-large-font-size wp-elements-470df4a9f2204a7842e605d9b3b0ae84\">Are you a secondary school student and would you like to know more about ISEG and its degrees? Are you undecided between Economics and Management? Are you unsure about which path you should take when you finish secondary school?<\/p>\n\n\n\n<p>ISEG has prepared several open days which will allow you to explore the campus, talk to students, clarify doubts about the courses and feel the university atmosphere of one of the most recognised schools of Universidade de Lisboa, all while having a good time!<\/p>\n\n\n\n<p>Take advantage of the various events we have prepared for you and come and clarify these and many other questions!<\/p>\n\n\n\n<h4 class=\"wp-block-heading\"><strong>Find out more about each event:<\/strong><\/h4>\n\n\n\n<p><strong>21 March<\/strong>\u00a0- Open Day (click\u00a0<a href=\"https:\/\/www.iseg.ulisboa.pt\/en\/event\/iseg-open-day-2026\/\" target=\"_blank\" rel=\"noreferrer noopener\">here<\/a>)<br><strong>11-12 April<\/strong> - ISEGopoly (click\u00a0<a href=\"https:\/\/www.iseg.ulisboa.pt\/en\/event\/isegopolio-by-iseg\/\" target=\"_blank\" rel=\"noreferrer noopener\">here<\/a>)<br><strong>18 April\u00a0<\/strong>- Open Day (click\u00a0<a href=\"https:\/\/www.iseg.ulisboa.pt\/en\/event\/iseg-open-day-2026-2\/\" target=\"_blank\" rel=\"noreferrer noopener\">here<\/a>)<br><strong>16 May<\/strong>\u00a0- Open Day Family Edition (click\u00a0<a href=\"https:\/\/www.iseg.ulisboa.pt\/en\/event\/open-day-family-edition-3\/\" target=\"_blank\" rel=\"noreferrer noopener\">here<\/a>)<br><strong>23 May<\/strong>\u00a0- Open Day Family Edition (click\u00a0<a href=\"https:\/\/www.iseg.ulisboa.pt\/en\/event\/open-day-family-edition-4\/\" target=\"_blank\" rel=\"noreferrer noopener\">here<\/a>)<\/p>\n\n\n\n<p>Your decision starts here. \ud83d\ude80<\/p>","protected":false},"excerpt":{"rendered":"Are you a secondary school student and would like to know more about ISEG or its degrees? Are you undecided between Economics and Management? Do you have doubts about which path [...]","protected":false},"author":51,"featured_media":67243,"comment_status":"closed","ping_status":"closed","sticky":true,"template":"","format":"standard","meta":{"inline_featured_image":false,"_uag_custom_page_level_css":"","footnotes":""},"categories":[7],"topic":[3424,3711],"acf":[],"yoast_head":"<!-- This site is optimized with the Yoast SEO plugin v22.6 - https:\/\/yoast.com\/wordpress\/plugins\/seo\/ -->\n<title>Dias abertos para alunos do Ensino Secund\u00e1rio - ISEG<\/title>\n<meta name=\"robots\" content=\"index, follow, max-snippet:-1, max-image-preview:large, max-video-preview:-1\" \/>\n<link rel=\"canonical\" href=\"https:\/\/www.iseg.ulisboa.pt\/en\/2026\/02\/open-days-for-secondary-school-students\/\" \/>\n<meta name=\"twitter:label1\" content=\"Written by\" \/>\n\t<meta name=\"twitter:data1\" content=\"marianafigueiredo\" \/>\n\t<meta name=\"twitter:label2\" content=\"Est. reading time\" \/>\n\t<meta name=\"twitter:data2\" content=\"2 minutes\" \/>\n<script type=\"application\/ld+json\" class=\"yoast-schema-graph\">{\"@context\":\"https:\/\/schema.org\",\"@graph\":[{\"@type\":\"Article\",\"@id\":\"https:\/\/www.iseg.ulisboa.pt\/en\/2026\/02\/open-days-for-secondary-school-students\/#article\",\"isPartOf\":{\"@id\":\"https:\/\/www.iseg.ulisboa.pt\/en\/2026\/02\/open-days-for-secondary-school-students\/\"},\"author\":{\"name\":\"marianafigueiredo\",\"@id\":\"https:\/\/www.iseg.ulisboa.pt\/en\/#\/schema\/person\/7dbfcd94a0528cf0ccb6f1d3b553e35e\"},\"headline\":\"Dias abertos para alunos do Ensino Secund\u00e1rio\",\"datePublished\":\"2026-02-12T12:06:28+00:00\",\"dateModified\":\"2026-02-13T12:10:55+00:00\",\"mainEntityOfPage\":{\"@id\":\"https:\/\/www.iseg.ulisboa.pt\/en\/2026\/02\/open-days-for-secondary-school-students\/\"},\"wordCount\":162,\"publisher\":{\"@id\":\"https:\/\/www.iseg.ulisboa.pt\/en\/#organization\"},\"image\":{\"@id\":\"https:\/\/www.iseg.ulisboa.pt\/en\/2026\/02\/open-days-for-secondary-school-students\/#primaryimage\"},\"thumbnailUrl\":\"https:\/\/www.iseg.ulisboa.pt\/wp-content\/uploads\/54555986666_3ba5507cab_o.jpg\",\"articleSection\":[\"Outras\"],\"inLanguage\":\"en-US\"},{\"@type\":\"WebPage\",\"@id\":\"https:\/\/www.iseg.ulisboa.pt\/en\/2026\/02\/open-days-for-secondary-school-students\/\",\"url\":\"https:\/\/www.iseg.ulisboa.pt\/en\/2026\/02\/open-days-for-secondary-school-students\/\",\"name\":\"Dias abertos para alunos do Ensino Secund\u00e1rio - ISEG\",\"isPartOf\":{\"@id\":\"https:\/\/www.iseg.ulisboa.pt\/en\/#website\"},\"primaryImageOfPage\":{\"@id\":\"https:\/\/www.iseg.ulisboa.pt\/en\/2026\/02\/open-days-for-secondary-school-students\/#primaryimage\"},\"image\":{\"@id\":\"https:\/\/www.iseg.ulisboa.pt\/en\/2026\/02\/open-days-for-secondary-school-students\/#primaryimage\"},\"thumbnailUrl\":\"https:\/\/www.iseg.ulisboa.pt\/wp-content\/uploads\/54555986666_3ba5507cab_o.jpg\",\"datePublished\":\"2026-02-12T12:06:28+00:00\",\"dateModified\":\"2026-02-13T12:10:55+00:00\",\"breadcrumb\":{\"@id\":\"https:\/\/www.iseg.ulisboa.pt\/en\/2026\/02\/open-days-for-secondary-school-students\/#breadcrumb\"},\"inLanguage\":\"en-US\",\"potentialAction\":[{\"@type\":\"ReadAction\",\"target\":[\"https:\/\/www.iseg.ulisboa.pt\/en\/2026\/02\/open-days-for-secondary-school-students\/\"]}]},{\"@type\":\"ImageObject\",\"inLanguage\":\"en-US\",\"@id\":\"https:\/\/www.iseg.ulisboa.pt\/en\/2026\/02\/open-days-for-secondary-school-students\/#primaryimage\",\"url\":\"https:\/\/www.iseg.ulisboa.pt\/wp-content\/uploads\/54555986666_3ba5507cab_o.jpg\",\"contentUrl\":\"https:\/\/www.iseg.ulisboa.pt\/wp-content\/uploads\/54555986666_3ba5507cab_o.jpg\",\"width\":2000,\"height\":1333},{\"@type\":\"BreadcrumbList\",\"@id\":\"https:\/\/www.iseg.ulisboa.pt\/en\/2026\/02\/open-days-for-secondary-school-students\/#breadcrumb\",\"itemListElement\":[{\"@type\":\"ListItem\",\"position\":1,\"name\":\"Home\",\"item\":\"https:\/\/www.iseg.ulisboa.pt\/\"},{\"@type\":\"ListItem\",\"position\":2,\"name\":\"Dias abertos para alunos do Ensino Secund\u00e1rio\"}]},{\"@type\":\"WebSite\",\"@id\":\"https:\/\/www.iseg.ulisboa.pt\/en\/#website\",\"url\":\"https:\/\/www.iseg.ulisboa.pt\/en\/\",\"name\":\"ISEG\",\"description\":\"Lisbon School of Economics &amp; Management\",\"publisher\":{\"@id\":\"https:\/\/www.iseg.ulisboa.pt\/en\/#organization\"},\"potentialAction\":[{\"@type\":\"SearchAction\",\"target\":{\"@type\":\"EntryPoint\",\"urlTemplate\":\"https:\/\/www.iseg.ulisboa.pt\/en\/?s={search_term_string}\"},\"query-input\":\"required name=search_term_string\"}],\"inLanguage\":\"en-US\"},{\"@type\":\"Organization\",\"@id\":\"https:\/\/www.iseg.ulisboa.pt\/en\/#organization\",\"name\":\"ISEG\",\"url\":\"https:\/\/www.iseg.ulisboa.pt\/en\/\",\"logo\":{\"@type\":\"ImageObject\",\"inLanguage\":\"en-US\",\"@id\":\"https:\/\/www.iseg.ulisboa.pt\/en\/#\/schema\/logo\/image\/\",\"url\":\"https:\/\/www.iseg.ulisboa.pt\/wp-content\/uploads\/2021\/02\/iseg-logo-ul.svg\",\"contentUrl\":\"https:\/\/www.iseg.ulisboa.pt\/wp-content\/uploads\/2021\/02\/iseg-logo-ul.svg\",\"width\":250,\"height\":120,\"caption\":\"ISEG\"},\"image\":{\"@id\":\"https:\/\/www.iseg.ulisboa.pt\/en\/#\/schema\/logo\/image\/\"},\"sameAs\":[\"https:\/\/www.facebook.com\/iseg.pt\",\"https:\/\/x.com\/iseglisbon\",\"https:\/\/www.instagram.com\/iseglisbon\/\",\"https:\/\/www.linkedin.com\/school\/iseglisbon\/\",\"https:\/\/www.youtube.com\/user\/DMREISEG\"]},{\"@type\":\"Person\",\"@id\":\"https:\/\/www.iseg.ulisboa.pt\/en\/#\/schema\/person\/7dbfcd94a0528cf0ccb6f1d3b553e35e\",\"name\":\"marianafigueiredo\",\"url\":\"https:\/\/www.iseg.ulisboa.pt\/en\/author\/marianafigueiredo\/\"}]}<\/script>\n<!-- \/ Yoast SEO plugin. -->","yoast_head_json":{"title":"Open days for secondary school students - ISEG","robots":{"index":"index","follow":"follow","max-snippet":"max-snippet:-1","max-image-preview":"max-image-preview:large","max-video-preview":"max-video-preview:-1"},"canonical":"https:\/\/www.iseg.ulisboa.pt\/en\/2026\/02\/open-days-for-secondary-school-students\/","twitter_misc":{"Written by":"marianafigueiredo","Est. reading time":"2 minutes"},"schema":{"@context":"https:\/\/schema.org","@graph":[{"@type":"Article","@id":"https:\/\/www.iseg.ulisboa.pt\/en\/2026\/02\/open-days-for-secondary-school-students\/#article","isPartOf":{"@id":"https:\/\/www.iseg.ulisboa.pt\/en\/2026\/02\/open-days-for-secondary-school-students\/"},"author":{"name":"marianafigueiredo","@id":"https:\/\/www.iseg.ulisboa.pt\/en\/#\/schema\/person\/7dbfcd94a0528cf0ccb6f1d3b553e35e"},"headline":"Dias abertos para alunos do Ensino Secund\u00e1rio","datePublished":"2026-02-12T12:06:28+00:00","dateModified":"2026-02-13T12:10:55+00:00","mainEntityOfPage":{"@id":"https:\/\/www.iseg.ulisboa.pt\/en\/2026\/02\/open-days-for-secondary-school-students\/"},"wordCount":162,"publisher":{"@id":"https:\/\/www.iseg.ulisboa.pt\/en\/#organization"},"image":{"@id":"https:\/\/www.iseg.ulisboa.pt\/en\/2026\/02\/open-days-for-secondary-school-students\/#primaryimage"},"thumbnailUrl":"https:\/\/www.iseg.ulisboa.pt\/wp-content\/uploads\/54555986666_3ba5507cab_o.jpg","articleSection":["Outras"],"inLanguage":"en-US"},{"@type":"WebPage","@id":"https:\/\/www.iseg.ulisboa.pt\/en\/2026\/02\/open-days-for-secondary-school-students\/","url":"https:\/\/www.iseg.ulisboa.pt\/en\/2026\/02\/open-days-for-secondary-school-students\/","name":"Open days for secondary school students - ISEG","isPartOf":{"@id":"https:\/\/www.iseg.ulisboa.pt\/en\/#website"},"primaryImageOfPage":{"@id":"https:\/\/www.iseg.ulisboa.pt\/en\/2026\/02\/open-days-for-secondary-school-students\/#primaryimage"},"image":{"@id":"https:\/\/www.iseg.ulisboa.pt\/en\/2026\/02\/open-days-for-secondary-school-students\/#primaryimage"},"thumbnailUrl":"https:\/\/www.iseg.ulisboa.pt\/wp-content\/uploads\/54555986666_3ba5507cab_o.jpg","datePublished":"2026-02-12T12:06:28+00:00","dateModified":"2026-02-13T12:10:55+00:00","breadcrumb":{"@id":"https:\/\/www.iseg.ulisboa.pt\/en\/2026\/02\/open-days-for-secondary-school-students\/#breadcrumb"},"inLanguage":"en-US","potentialAction":[{"@type":"ReadAction","target":["https:\/\/www.iseg.ulisboa.pt\/en\/2026\/02\/open-days-for-secondary-school-students\/"]}]},{"@type":"ImageObject","inLanguage":"en-US","@id":"https:\/\/www.iseg.ulisboa.pt\/en\/2026\/02\/open-days-for-secondary-school-students\/#primaryimage","url":"https:\/\/www.iseg.ulisboa.pt\/wp-content\/uploads\/54555986666_3ba5507cab_o.jpg","contentUrl":"https:\/\/www.iseg.ulisboa.pt\/wp-content\/uploads\/54555986666_3ba5507cab_o.jpg","width":2000,"height":1333},{"@type":"BreadcrumbList","@id":"https:\/\/www.iseg.ulisboa.pt\/en\/2026\/02\/open-days-for-secondary-school-students\/#breadcrumb","itemListElement":[{"@type":"ListItem","position":1,"name":"Home","item":"https:\/\/www.iseg.ulisboa.pt\/"},{"@type":"ListItem","position":2,"name":"Dias abertos para alunos do Ensino Secund\u00e1rio"}]},{"@type":"WebSite","@id":"https:\/\/www.iseg.ulisboa.pt\/en\/#website","url":"https:\/\/www.iseg.ulisboa.pt\/en\/","name":"ISEG","description":"Lisbon School of Economics &amp; Management","publisher":{"@id":"https:\/\/www.iseg.ulisboa.pt\/en\/#organization"},"potentialAction":[{"@type":"SearchAction","target":{"@type":"EntryPoint","urlTemplate":"https:\/\/www.iseg.ulisboa.pt\/en\/?s={search_term_string}"},"query-input":"required name=search_term_string"}],"inLanguage":"en-US"},{"@type":"Organization","@id":"https:\/\/www.iseg.ulisboa.pt\/en\/#organization","name":"ISEG","url":"https:\/\/www.iseg.ulisboa.pt\/en\/","logo":{"@type":"ImageObject","inLanguage":"en-US","@id":"https:\/\/www.iseg.ulisboa.pt\/en\/#\/schema\/logo\/image\/","url":"https:\/\/www.iseg.ulisboa.pt\/wp-content\/uploads\/2021\/02\/iseg-logo-ul.svg","contentUrl":"https:\/\/www.iseg.ulisboa.pt\/wp-content\/uploads\/2021\/02\/iseg-logo-ul.svg","width":250,"height":120,"caption":"ISEG"},"image":{"@id":"https:\/\/www.iseg.ulisboa.pt\/en\/#\/schema\/logo\/image\/"},"sameAs":["https:\/\/www.facebook.com\/iseg.pt","https:\/\/x.com\/iseglisbon","https:\/\/www.instagram.com\/iseglisbon\/","https:\/\/www.linkedin.com\/school\/iseglisbon\/","https:\/\/www.youtube.com\/user\/DMREISEG"]},{"@type":"Person","@id":"https:\/\/www.iseg.ulisboa.pt\/en\/#\/schema\/person\/7dbfcd94a0528cf0ccb6f1d3b553e35e","name":"marianafigueiredo","url":"https:\/\/www.iseg.ulisboa.pt\/en\/author\/marianafigueiredo\/"}]}},"uagb_featured_image_src":{"full":["https:\/\/www.iseg.ulisboa.pt\/wp-content\/uploads\/54555986666_3ba5507cab_o.jpg",2000,1333,false],"thumbnail":["https:\/\/www.iseg.ulisboa.pt\/wp-content\/uploads\/54555986666_3ba5507cab_o-150x150.jpg",150,150,true],"medium":["https:\/\/www.iseg.ulisboa.pt\/wp-content\/uploads\/54555986666_3ba5507cab_o-300x200.jpg",300,200,true],"medium_large":["https:\/\/www.iseg.ulisboa.pt\/wp-content\/uploads\/54555986666_3ba5507cab_o.jpg",768,512,false],"large":["https:\/\/www.iseg.ulisboa.pt\/wp-content\/uploads\/54555986666_3ba5507cab_o.jpg",1024,682,false],"1536x1536":["https:\/\/www.iseg.ulisboa.pt\/wp-content\/uploads\/54555986666_3ba5507cab_o-1536x1024.jpg",1536,1024,true],"2048x2048":["https:\/\/www.iseg.ulisboa.pt\/wp-content\/uploads\/54555986666_3ba5507cab_o.jpg",2000,1333,false],"trp-custom-language-flag":["https:\/\/www.iseg.ulisboa.pt\/wp-content\/uploads\/54555986666_3ba5507cab_o-18x12.jpg",18,12,true]},"uagb_author_info":{"display_name":"marianafigueiredo","author_link":"https:\/\/www.iseg.ulisboa.pt\/en\/author\/marianafigueiredo\/"},"uagb_comment_info":0,"uagb_excerpt":"\u00c9s aluno do ensino secund\u00e1rio e gostarias de saber mais sobre o ISEG ou sobre as suas licenciaturas? Est\u00e1s indeciso entre Economia e Gest\u00e3o? Tens d\u00favidas sobre qual o percurso&nbsp;[...]","_links":{"self":[{"href":"https:\/\/www.iseg.ulisboa.pt\/en\/wp-json\/wp\/v2\/posts\/67203"}],"collection":[{"href":"https:\/\/www.iseg.ulisboa.pt\/en\/wp-json\/wp\/v2\/posts"}],"about":[{"href":"https:\/\/www.iseg.ulisboa.pt\/en\/wp-json\/wp\/v2\/types\/post"}],"author":[{"embeddable":true,"href":"https:\/\/www.iseg.ulisboa.pt\/en\/wp-json\/wp\/v2\/users\/51"}],"replies":[{"embeddable":true,"href":"https:\/\/www.iseg.ulisboa.pt\/en\/wp-json\/wp\/v2\/comments?post=67203"}],"version-history":[{"count":0,"href":"https:\/\/www.iseg.ulisboa.pt\/en\/wp-json\/wp\/v2\/posts\/67203\/revisions"}],"wp:featuredmedia":[{"embeddable":true,"href":"https:\/\/www.iseg.ulisboa.pt\/en\/wp-json\/wp\/v2\/media\/67243"}],"wp:attachment":[{"href":"https:\/\/www.iseg.ulisboa.pt\/en\/wp-json\/wp\/v2\/media?parent=67203"}],"wp:term":[{"taxonomy":"category","embeddable":true,"href":"https:\/\/www.iseg.ulisboa.pt\/en\/wp-json\/wp\/v2\/categories?post=67203"},{"taxonomy":"topic","embeddable":true,"href":"https:\/\/www.iseg.ulisboa.pt\/en\/wp-json\/wp\/v2\/topic?post=67203"}],"curies":[{"name":"wp","href":"https:\/\/api.w.org\/{rel}","templated":true}]}}