{"id":68696,"date":"2026-04-07T09:18:56","date_gmt":"2026-04-07T09:18:56","guid":{"rendered":"https:\/\/www.iseg.ulisboa.pt\/?p=68696"},"modified":"2026-04-07T09:21:15","modified_gmt":"2026-04-07T09:21:15","slug":"iseg-executive-mba-in-ceo-magazines-global-top-10","status":"publish","type":"post","link":"https:\/\/www.iseg.ulisboa.pt\/en\/2026\/04\/iseg-executive-mba-in-ceo-magazines-global-top-10\/","title":{"rendered":"ISEG's Executive MBA in CEO Magazine's global Top 10"},"content":{"rendered":"<p>ISEG's Executive MBA was featured in CEO Magazine's most recent ranking, achieving the&nbsp;<strong>8th place globally<\/strong>&nbsp;and&nbsp;<strong>6th place in Europe<\/strong>&nbsp;in the 2026 edition.<\/p>\n\n\n\n<p>This result reinforces the program's international recognition, highlighting its academic excellence, its strong links with the business world and its ability to train leaders prepared to face complex challenges in a global context.<\/p>\n\n\n\n<p>ISEG's presence among the best MBAs in the world confirms its ongoing commitment to quality, pedagogical innovation and impact on the careers of its participants.<\/p>","protected":false},"excerpt":{"rendered":"ISEG's Executive MBA was featured in CEO Magazine's most recent ranking, reaching 8th place globally and 6th place in Europe in the 2026 edition. This result reinforces the [...]","protected":false},"author":60,"featured_media":68697,"comment_status":"closed","ping_status":"closed","sticky":false,"template":"","format":"standard","meta":{"inline_featured_image":false,"_uag_custom_page_level_css":"","footnotes":""},"categories":[1273],"topic":[3424],"acf":[],"yoast_head":"<!-- This site is optimized with the Yoast SEO plugin v22.6 - https:\/\/yoast.com\/wordpress\/plugins\/seo\/ -->\n<title>Executive MBA do ISEG no Top 10 global da CEO Magazine - ISEG<\/title>\n<meta name=\"robots\" content=\"index, follow, max-snippet:-1, max-image-preview:large, max-video-preview:-1\" \/>\n<link rel=\"canonical\" href=\"https:\/\/www.iseg.ulisboa.pt\/en\/2026\/04\/iseg-executive-mba-in-ceo-magazines-global-top-10\/\" \/>\n<meta name=\"twitter:label1\" content=\"Written by\" \/>\n\t<meta name=\"twitter:data1\" content=\"emiliadesousa\" \/>\n\t<meta name=\"twitter:label2\" content=\"Est. reading time\" \/>\n\t<meta name=\"twitter:data2\" content=\"1 minute\" \/>\n<script type=\"application\/ld+json\" class=\"yoast-schema-graph\">{\"@context\":\"https:\/\/schema.org\",\"@graph\":[{\"@type\":\"Article\",\"@id\":\"https:\/\/www.iseg.ulisboa.pt\/en\/2026\/04\/iseg-executive-mba-in-ceo-magazines-global-top-10\/#article\",\"isPartOf\":{\"@id\":\"https:\/\/www.iseg.ulisboa.pt\/en\/2026\/04\/iseg-executive-mba-in-ceo-magazines-global-top-10\/\"},\"author\":{\"name\":\"emiliadesousa\",\"@id\":\"https:\/\/www.iseg.ulisboa.pt\/en\/#\/schema\/person\/6cd6f67b654166bdf43dfb8c9e65b4a0\"},\"headline\":\"Executive MBA do ISEG no Top 10 global da CEO Magazine\",\"datePublished\":\"2026-04-07T09:18:56+00:00\",\"dateModified\":\"2026-04-07T09:21:15+00:00\",\"mainEntityOfPage\":{\"@id\":\"https:\/\/www.iseg.ulisboa.pt\/en\/2026\/04\/iseg-executive-mba-in-ceo-magazines-global-top-10\/\"},\"wordCount\":118,\"publisher\":{\"@id\":\"https:\/\/www.iseg.ulisboa.pt\/en\/#organization\"},\"image\":{\"@id\":\"https:\/\/www.iseg.ulisboa.pt\/en\/2026\/04\/iseg-executive-mba-in-ceo-magazines-global-top-10\/#primaryimage\"},\"thumbnailUrl\":\"https:\/\/www.iseg.ulisboa.pt\/wp-content\/uploads\/MBA-post-07.jpg\",\"articleSection\":[\"ISEG Executive Education\"],\"inLanguage\":\"en-US\"},{\"@type\":\"WebPage\",\"@id\":\"https:\/\/www.iseg.ulisboa.pt\/en\/2026\/04\/iseg-executive-mba-in-ceo-magazines-global-top-10\/\",\"url\":\"https:\/\/www.iseg.ulisboa.pt\/en\/2026\/04\/iseg-executive-mba-in-ceo-magazines-global-top-10\/\",\"name\":\"Executive MBA do ISEG no Top 10 global da CEO Magazine - ISEG\",\"isPartOf\":{\"@id\":\"https:\/\/www.iseg.ulisboa.pt\/en\/#website\"},\"primaryImageOfPage\":{\"@id\":\"https:\/\/www.iseg.ulisboa.pt\/en\/2026\/04\/iseg-executive-mba-in-ceo-magazines-global-top-10\/#primaryimage\"},\"image\":{\"@id\":\"https:\/\/www.iseg.ulisboa.pt\/en\/2026\/04\/iseg-executive-mba-in-ceo-magazines-global-top-10\/#primaryimage\"},\"thumbnailUrl\":\"https:\/\/www.iseg.ulisboa.pt\/wp-content\/uploads\/MBA-post-07.jpg\",\"datePublished\":\"2026-04-07T09:18:56+00:00\",\"dateModified\":\"2026-04-07T09:21:15+00:00\",\"breadcrumb\":{\"@id\":\"https:\/\/www.iseg.ulisboa.pt\/en\/2026\/04\/iseg-executive-mba-in-ceo-magazines-global-top-10\/#breadcrumb\"},\"inLanguage\":\"en-US\",\"potentialAction\":[{\"@type\":\"ReadAction\",\"target\":[\"https:\/\/www.iseg.ulisboa.pt\/en\/2026\/04\/iseg-executive-mba-in-ceo-magazines-global-top-10\/\"]}]},{\"@type\":\"ImageObject\",\"inLanguage\":\"en-US\",\"@id\":\"https:\/\/www.iseg.ulisboa.pt\/en\/2026\/04\/iseg-executive-mba-in-ceo-magazines-global-top-10\/#primaryimage\",\"url\":\"https:\/\/www.iseg.ulisboa.pt\/wp-content\/uploads\/MBA-post-07.jpg\",\"contentUrl\":\"https:\/\/www.iseg.ulisboa.pt\/wp-content\/uploads\/MBA-post-07.jpg\",\"width\":5001,\"height\":5001},{\"@type\":\"BreadcrumbList\",\"@id\":\"https:\/\/www.iseg.ulisboa.pt\/en\/2026\/04\/iseg-executive-mba-in-ceo-magazines-global-top-10\/#breadcrumb\",\"itemListElement\":[{\"@type\":\"ListItem\",\"position\":1,\"name\":\"Home\",\"item\":\"https:\/\/www.iseg.ulisboa.pt\/\"},{\"@type\":\"ListItem\",\"position\":2,\"name\":\"Executive MBA do ISEG no Top 10 global da CEO Magazine\"}]},{\"@type\":\"WebSite\",\"@id\":\"https:\/\/www.iseg.ulisboa.pt\/en\/#website\",\"url\":\"https:\/\/www.iseg.ulisboa.pt\/en\/\",\"name\":\"ISEG\",\"description\":\"Lisbon School of Economics &amp; Management\",\"publisher\":{\"@id\":\"https:\/\/www.iseg.ulisboa.pt\/en\/#organization\"},\"potentialAction\":[{\"@type\":\"SearchAction\",\"target\":{\"@type\":\"EntryPoint\",\"urlTemplate\":\"https:\/\/www.iseg.ulisboa.pt\/en\/?s={search_term_string}\"},\"query-input\":\"required name=search_term_string\"}],\"inLanguage\":\"en-US\"},{\"@type\":\"Organization\",\"@id\":\"https:\/\/www.iseg.ulisboa.pt\/en\/#organization\",\"name\":\"ISEG\",\"url\":\"https:\/\/www.iseg.ulisboa.pt\/en\/\",\"logo\":{\"@type\":\"ImageObject\",\"inLanguage\":\"en-US\",\"@id\":\"https:\/\/www.iseg.ulisboa.pt\/en\/#\/schema\/logo\/image\/\",\"url\":\"https:\/\/www.iseg.ulisboa.pt\/wp-content\/uploads\/2021\/02\/iseg-logo-ul.svg\",\"contentUrl\":\"https:\/\/www.iseg.ulisboa.pt\/wp-content\/uploads\/2021\/02\/iseg-logo-ul.svg\",\"width\":250,\"height\":120,\"caption\":\"ISEG\"},\"image\":{\"@id\":\"https:\/\/www.iseg.ulisboa.pt\/en\/#\/schema\/logo\/image\/\"},\"sameAs\":[\"https:\/\/www.facebook.com\/iseg.pt\",\"https:\/\/x.com\/iseglisbon\",\"https:\/\/www.instagram.com\/iseglisbon\/\",\"https:\/\/www.linkedin.com\/school\/iseglisbon\/\",\"https:\/\/www.youtube.com\/user\/DMREISEG\"]},{\"@type\":\"Person\",\"@id\":\"https:\/\/www.iseg.ulisboa.pt\/en\/#\/schema\/person\/6cd6f67b654166bdf43dfb8c9e65b4a0\",\"name\":\"emiliadesousa\",\"url\":\"https:\/\/www.iseg.ulisboa.pt\/en\/author\/emiliadesousa\/\"}]}<\/script>\n<!-- \/ Yoast SEO plugin. -->","yoast_head_json":{"title":"ISEG's Executive MBA in CEO Magazine's global Top 10 - ISEG","robots":{"index":"index","follow":"follow","max-snippet":"max-snippet:-1","max-image-preview":"max-image-preview:large","max-video-preview":"max-video-preview:-1"},"canonical":"https:\/\/www.iseg.ulisboa.pt\/en\/2026\/04\/iseg-executive-mba-in-ceo-magazines-global-top-10\/","twitter_misc":{"Written by":"emiliadesousa","Est. reading time":"1 minute"},"schema":{"@context":"https:\/\/schema.org","@graph":[{"@type":"Article","@id":"https:\/\/www.iseg.ulisboa.pt\/en\/2026\/04\/iseg-executive-mba-in-ceo-magazines-global-top-10\/#article","isPartOf":{"@id":"https:\/\/www.iseg.ulisboa.pt\/en\/2026\/04\/iseg-executive-mba-in-ceo-magazines-global-top-10\/"},"author":{"name":"emiliadesousa","@id":"https:\/\/www.iseg.ulisboa.pt\/en\/#\/schema\/person\/6cd6f67b654166bdf43dfb8c9e65b4a0"},"headline":"Executive MBA do ISEG no Top 10 global da CEO Magazine","datePublished":"2026-04-07T09:18:56+00:00","dateModified":"2026-04-07T09:21:15+00:00","mainEntityOfPage":{"@id":"https:\/\/www.iseg.ulisboa.pt\/en\/2026\/04\/iseg-executive-mba-in-ceo-magazines-global-top-10\/"},"wordCount":118,"publisher":{"@id":"https:\/\/www.iseg.ulisboa.pt\/en\/#organization"},"image":{"@id":"https:\/\/www.iseg.ulisboa.pt\/en\/2026\/04\/iseg-executive-mba-in-ceo-magazines-global-top-10\/#primaryimage"},"thumbnailUrl":"https:\/\/www.iseg.ulisboa.pt\/wp-content\/uploads\/MBA-post-07.jpg","articleSection":["ISEG Executive Education"],"inLanguage":"en-US"},{"@type":"WebPage","@id":"https:\/\/www.iseg.ulisboa.pt\/en\/2026\/04\/iseg-executive-mba-in-ceo-magazines-global-top-10\/","url":"https:\/\/www.iseg.ulisboa.pt\/en\/2026\/04\/iseg-executive-mba-in-ceo-magazines-global-top-10\/","name":"ISEG's Executive MBA in CEO Magazine's global Top 10 - ISEG","isPartOf":{"@id":"https:\/\/www.iseg.ulisboa.pt\/en\/#website"},"primaryImageOfPage":{"@id":"https:\/\/www.iseg.ulisboa.pt\/en\/2026\/04\/iseg-executive-mba-in-ceo-magazines-global-top-10\/#primaryimage"},"image":{"@id":"https:\/\/www.iseg.ulisboa.pt\/en\/2026\/04\/iseg-executive-mba-in-ceo-magazines-global-top-10\/#primaryimage"},"thumbnailUrl":"https:\/\/www.iseg.ulisboa.pt\/wp-content\/uploads\/MBA-post-07.jpg","datePublished":"2026-04-07T09:18:56+00:00","dateModified":"2026-04-07T09:21:15+00:00","breadcrumb":{"@id":"https:\/\/www.iseg.ulisboa.pt\/en\/2026\/04\/iseg-executive-mba-in-ceo-magazines-global-top-10\/#breadcrumb"},"inLanguage":"en-US","potentialAction":[{"@type":"ReadAction","target":["https:\/\/www.iseg.ulisboa.pt\/en\/2026\/04\/iseg-executive-mba-in-ceo-magazines-global-top-10\/"]}]},{"@type":"ImageObject","inLanguage":"en-US","@id":"https:\/\/www.iseg.ulisboa.pt\/en\/2026\/04\/iseg-executive-mba-in-ceo-magazines-global-top-10\/#primaryimage","url":"https:\/\/www.iseg.ulisboa.pt\/wp-content\/uploads\/MBA-post-07.jpg","contentUrl":"https:\/\/www.iseg.ulisboa.pt\/wp-content\/uploads\/MBA-post-07.jpg","width":5001,"height":5001},{"@type":"BreadcrumbList","@id":"https:\/\/www.iseg.ulisboa.pt\/en\/2026\/04\/iseg-executive-mba-in-ceo-magazines-global-top-10\/#breadcrumb","itemListElement":[{"@type":"ListItem","position":1,"name":"Home","item":"https:\/\/www.iseg.ulisboa.pt\/"},{"@type":"ListItem","position":2,"name":"Executive MBA do ISEG no Top 10 global da CEO Magazine"}]},{"@type":"WebSite","@id":"https:\/\/www.iseg.ulisboa.pt\/en\/#website","url":"https:\/\/www.iseg.ulisboa.pt\/en\/","name":"ISEG","description":"Lisbon School of Economics &amp; Management","publisher":{"@id":"https:\/\/www.iseg.ulisboa.pt\/en\/#organization"},"potentialAction":[{"@type":"SearchAction","target":{"@type":"EntryPoint","urlTemplate":"https:\/\/www.iseg.ulisboa.pt\/en\/?s={search_term_string}"},"query-input":"required name=search_term_string"}],"inLanguage":"en-US"},{"@type":"Organization","@id":"https:\/\/www.iseg.ulisboa.pt\/en\/#organization","name":"ISEG","url":"https:\/\/www.iseg.ulisboa.pt\/en\/","logo":{"@type":"ImageObject","inLanguage":"en-US","@id":"https:\/\/www.iseg.ulisboa.pt\/en\/#\/schema\/logo\/image\/","url":"https:\/\/www.iseg.ulisboa.pt\/wp-content\/uploads\/2021\/02\/iseg-logo-ul.svg","contentUrl":"https:\/\/www.iseg.ulisboa.pt\/wp-content\/uploads\/2021\/02\/iseg-logo-ul.svg","width":250,"height":120,"caption":"ISEG"},"image":{"@id":"https:\/\/www.iseg.ulisboa.pt\/en\/#\/schema\/logo\/image\/"},"sameAs":["https:\/\/www.facebook.com\/iseg.pt","https:\/\/x.com\/iseglisbon","https:\/\/www.instagram.com\/iseglisbon\/","https:\/\/www.linkedin.com\/school\/iseglisbon\/","https:\/\/www.youtube.com\/user\/DMREISEG"]},{"@type":"Person","@id":"https:\/\/www.iseg.ulisboa.pt\/en\/#\/schema\/person\/6cd6f67b654166bdf43dfb8c9e65b4a0","name":"emiliadesousa","url":"https:\/\/www.iseg.ulisboa.pt\/en\/author\/emiliadesousa\/"}]}},"uagb_featured_image_src":{"full":["https:\/\/www.iseg.ulisboa.pt\/wp-content\/uploads\/MBA-post-07.jpg",5001,5001,false],"thumbnail":["https:\/\/www.iseg.ulisboa.pt\/wp-content\/uploads\/MBA-post-07-150x150.jpg",150,150,true],"medium":["https:\/\/www.iseg.ulisboa.pt\/wp-content\/uploads\/MBA-post-07-300x300.jpg",300,300,true],"medium_large":["https:\/\/www.iseg.ulisboa.pt\/wp-content\/uploads\/MBA-post-07.jpg",768,768,false],"large":["https:\/\/www.iseg.ulisboa.pt\/wp-content\/uploads\/MBA-post-07.jpg",1024,1024,false],"1536x1536":["https:\/\/www.iseg.ulisboa.pt\/wp-content\/uploads\/MBA-post-07-1536x1536.jpg",1536,1536,true],"2048x2048":["https:\/\/www.iseg.ulisboa.pt\/wp-content\/uploads\/MBA-post-07-2048x2048.jpg",2048,2048,true],"trp-custom-language-flag":["https:\/\/www.iseg.ulisboa.pt\/wp-content\/uploads\/MBA-post-07-12x12.jpg",12,12,true]},"uagb_author_info":{"display_name":"emiliadesousa","author_link":"https:\/\/www.iseg.ulisboa.pt\/en\/author\/emiliadesousa\/"},"uagb_comment_info":0,"uagb_excerpt":"O Executive MBA do ISEG foi destacado no mais recente ranking da&nbsp;CEO Magazine, alcan\u00e7ando a&nbsp;8.\u00aa posi\u00e7\u00e3o a n\u00edvel global&nbsp;e a&nbsp;6.\u00aa posi\u00e7\u00e3o na Europa&nbsp;na edi\u00e7\u00e3o de 2026. Este resultado refor\u00e7a o&nbsp;[...]","_links":{"self":[{"href":"https:\/\/www.iseg.ulisboa.pt\/en\/wp-json\/wp\/v2\/posts\/68696"}],"collection":[{"href":"https:\/\/www.iseg.ulisboa.pt\/en\/wp-json\/wp\/v2\/posts"}],"about":[{"href":"https:\/\/www.iseg.ulisboa.pt\/en\/wp-json\/wp\/v2\/types\/post"}],"author":[{"embeddable":true,"href":"https:\/\/www.iseg.ulisboa.pt\/en\/wp-json\/wp\/v2\/users\/60"}],"replies":[{"embeddable":true,"href":"https:\/\/www.iseg.ulisboa.pt\/en\/wp-json\/wp\/v2\/comments?post=68696"}],"version-history":[{"count":0,"href":"https:\/\/www.iseg.ulisboa.pt\/en\/wp-json\/wp\/v2\/posts\/68696\/revisions"}],"wp:featuredmedia":[{"embeddable":true,"href":"https:\/\/www.iseg.ulisboa.pt\/en\/wp-json\/wp\/v2\/media\/68697"}],"wp:attachment":[{"href":"https:\/\/www.iseg.ulisboa.pt\/en\/wp-json\/wp\/v2\/media?parent=68696"}],"wp:term":[{"taxonomy":"category","embeddable":true,"href":"https:\/\/www.iseg.ulisboa.pt\/en\/wp-json\/wp\/v2\/categories?post=68696"},{"taxonomy":"topic","embeddable":true,"href":"https:\/\/www.iseg.ulisboa.pt\/en\/wp-json\/wp\/v2\/topic?post=68696"}],"curies":[{"name":"wp","href":"https:\/\/api.w.org\/{rel}","templated":true}]}}