{"id":69243,"date":"2026-04-27T11:26:46","date_gmt":"2026-04-27T11:26:46","guid":{"rendered":"https:\/\/www.iseg.ulisboa.pt\/?p=69243"},"modified":"2026-04-27T13:55:26","modified_gmt":"2026-04-27T13:55:26","slug":"experience-the-future-may-21-24","status":"publish","type":"post","link":"https:\/\/www.iseg.ulisboa.pt\/en\/2026\/04\/experience-the-future-may-21-24\/","title":{"rendered":"Experience the Future | 21-24 May"},"content":{"rendered":"<p>ULisboa celebrates one year of&nbsp;<a href=\"https:\/\/eur02.safelinks.protection.outlook.com\/?url=https%3A%2F%2Fwww.ulisboa.pt%2Fpavilhao-de-portugal&amp;data=05%7C02%7Cemiliadesousa%40iseg.ulisboa.pt%7C6c79c5a4fb224b066bcc08dea44c30dd%7C9c184083de204859968c96f26db0bfe1%7C0%7C0%7C639128844370207329%7CUnknown%7CTWFpbGZsb3d8eyJFbXB0eU1hcGkiOnRydWUsIlYiOiIwLjAuMDAwMCIsIlAiOiJXaW4zMiIsIkFOIjoiTWFpbCIsIldUIjoyfQ%3D%3D%7C0%7C%7C%7C&amp;sdata=BlLqn9FHoW6tmkEMMTYoC3yTr9kRrhugAqvNZy05DCM%3D&amp;reserved=0\" target=\"_blank\" rel=\"noreferrer noopener\">Pavilh\u00e3o de Portugal<\/a>&nbsp;as a space for connecting with society, where science, culture, innovation and public participation meet, with the event&nbsp;<em>Experience the Future<\/em>.&nbsp;<\/p>\n\n\n\n<p>From&nbsp;<strong>21-24 May<\/strong>, the Pavilh\u00e3o is transformed into a living space where ideas take shape, questions gain a voice and every discovery sets the pulse racing.<\/p>\n\n\n\n<p><strong><em>Experience the Future<\/em><\/strong>&nbsp;is more than an event, it's an immersion. Four days to feel, explore and provoke what's coming.<\/p>\n\n\n\n<p>Science coming closer. Culture that opens up. Innovation that touches.<\/p>\n\n\n\n<p><strong>Come and experience the future.&nbsp;<\/strong><\/p>\n\n\n\n<p>\ud83d\udce9<a href=\"https:\/\/eur02.safelinks.protection.outlook.com\/?url=https%3A%2F%2Fwww.ulisboa.pt%2Fevento%2Fexperimenta-o-futuro&amp;data=05%7C02%7Cemiliadesousa%40iseg.ulisboa.pt%7C6c79c5a4fb224b066bcc08dea44c30dd%7C9c184083de204859968c96f26db0bfe1%7C0%7C0%7C639128844370224232%7CUnknown%7CTWFpbGZsb3d8eyJFbXB0eU1hcGkiOnRydWUsIlYiOiIwLjAuMDAwMCIsIlAiOiJXaW4zMiIsIkFOIjoiTWFpbCIsIldUIjoyfQ%3D%3D%7C0%7C%7C%7C&amp;sdata=OSCMSlmP9XxlwiP6xV208o9w%2BIX2pwglit0rCNdeQYc%3D&amp;reserved=0\" target=\"_blank\" rel=\"noreferrer noopener\">&nbsp;Further information<\/a><\/p>","protected":false},"excerpt":{"rendered":"ULisboa celebrates one year of Pavilh\u00e3o de Portugal as a space for connecting with society, where science, culture, innovation and public participation meet, with the Experimenta o Futuro event.  From 21 to 24 [...]","protected":false},"author":60,"featured_media":69258,"comment_status":"closed","ping_status":"closed","sticky":false,"template":"","format":"standard","meta":{"inline_featured_image":false,"_uag_custom_page_level_css":"","footnotes":""},"categories":[1244],"topic":[3424],"acf":[],"yoast_head":"<!-- This site is optimized with the Yoast SEO plugin v22.6 - https:\/\/yoast.com\/wordpress\/plugins\/seo\/ -->\n<title>Experimenta o Futuro | 21 a 24 de Maio - ISEG<\/title>\n<meta name=\"robots\" content=\"index, follow, max-snippet:-1, max-image-preview:large, max-video-preview:-1\" \/>\n<link rel=\"canonical\" href=\"https:\/\/www.iseg.ulisboa.pt\/en\/2026\/04\/experience-the-future-may-21-24\/\" \/>\n<meta name=\"twitter:label1\" content=\"Written by\" \/>\n\t<meta name=\"twitter:data1\" content=\"emiliadesousa\" \/>\n\t<meta name=\"twitter:label2\" content=\"Est. reading time\" \/>\n\t<meta name=\"twitter:data2\" content=\"1 minute\" \/>\n<script type=\"application\/ld+json\" class=\"yoast-schema-graph\">{\"@context\":\"https:\/\/schema.org\",\"@graph\":[{\"@type\":\"Article\",\"@id\":\"https:\/\/www.iseg.ulisboa.pt\/en\/2026\/04\/experience-the-future-may-21-24\/#article\",\"isPartOf\":{\"@id\":\"https:\/\/www.iseg.ulisboa.pt\/en\/2026\/04\/experience-the-future-may-21-24\/\"},\"author\":{\"name\":\"emiliadesousa\",\"@id\":\"https:\/\/www.iseg.ulisboa.pt\/en\/#\/schema\/person\/6cd6f67b654166bdf43dfb8c9e65b4a0\"},\"headline\":\"Experimenta o Futuro | 21 a 24 de Maio\",\"datePublished\":\"2026-04-27T11:26:46+00:00\",\"dateModified\":\"2026-04-27T13:55:26+00:00\",\"mainEntityOfPage\":{\"@id\":\"https:\/\/www.iseg.ulisboa.pt\/en\/2026\/04\/experience-the-future-may-21-24\/\"},\"wordCount\":120,\"publisher\":{\"@id\":\"https:\/\/www.iseg.ulisboa.pt\/en\/#organization\"},\"image\":{\"@id\":\"https:\/\/www.iseg.ulisboa.pt\/en\/2026\/04\/experience-the-future-may-21-24\/#primaryimage\"},\"thumbnailUrl\":\"https:\/\/www.iseg.ulisboa.pt\/wp-content\/uploads\/Experimenta-o-Futuro_Banner-1200x800-2.png\",\"articleSection\":[\"Universidade de Lisboa\"],\"inLanguage\":\"en-US\"},{\"@type\":\"WebPage\",\"@id\":\"https:\/\/www.iseg.ulisboa.pt\/en\/2026\/04\/experience-the-future-may-21-24\/\",\"url\":\"https:\/\/www.iseg.ulisboa.pt\/en\/2026\/04\/experience-the-future-may-21-24\/\",\"name\":\"Experimenta o Futuro | 21 a 24 de Maio - ISEG\",\"isPartOf\":{\"@id\":\"https:\/\/www.iseg.ulisboa.pt\/en\/#website\"},\"primaryImageOfPage\":{\"@id\":\"https:\/\/www.iseg.ulisboa.pt\/en\/2026\/04\/experience-the-future-may-21-24\/#primaryimage\"},\"image\":{\"@id\":\"https:\/\/www.iseg.ulisboa.pt\/en\/2026\/04\/experience-the-future-may-21-24\/#primaryimage\"},\"thumbnailUrl\":\"https:\/\/www.iseg.ulisboa.pt\/wp-content\/uploads\/Experimenta-o-Futuro_Banner-1200x800-2.png\",\"datePublished\":\"2026-04-27T11:26:46+00:00\",\"dateModified\":\"2026-04-27T13:55:26+00:00\",\"breadcrumb\":{\"@id\":\"https:\/\/www.iseg.ulisboa.pt\/en\/2026\/04\/experience-the-future-may-21-24\/#breadcrumb\"},\"inLanguage\":\"en-US\",\"potentialAction\":[{\"@type\":\"ReadAction\",\"target\":[\"https:\/\/www.iseg.ulisboa.pt\/en\/2026\/04\/experience-the-future-may-21-24\/\"]}]},{\"@type\":\"ImageObject\",\"inLanguage\":\"en-US\",\"@id\":\"https:\/\/www.iseg.ulisboa.pt\/en\/2026\/04\/experience-the-future-may-21-24\/#primaryimage\",\"url\":\"https:\/\/www.iseg.ulisboa.pt\/wp-content\/uploads\/Experimenta-o-Futuro_Banner-1200x800-2.png\",\"contentUrl\":\"https:\/\/www.iseg.ulisboa.pt\/wp-content\/uploads\/Experimenta-o-Futuro_Banner-1200x800-2.png\",\"width\":1201,\"height\":801},{\"@type\":\"BreadcrumbList\",\"@id\":\"https:\/\/www.iseg.ulisboa.pt\/en\/2026\/04\/experience-the-future-may-21-24\/#breadcrumb\",\"itemListElement\":[{\"@type\":\"ListItem\",\"position\":1,\"name\":\"Home\",\"item\":\"https:\/\/www.iseg.ulisboa.pt\/\"},{\"@type\":\"ListItem\",\"position\":2,\"name\":\"Experimenta o Futuro | 21 a 24 de Maio\"}]},{\"@type\":\"WebSite\",\"@id\":\"https:\/\/www.iseg.ulisboa.pt\/en\/#website\",\"url\":\"https:\/\/www.iseg.ulisboa.pt\/en\/\",\"name\":\"ISEG\",\"description\":\"Lisbon School of Economics &amp; Management\",\"publisher\":{\"@id\":\"https:\/\/www.iseg.ulisboa.pt\/en\/#organization\"},\"potentialAction\":[{\"@type\":\"SearchAction\",\"target\":{\"@type\":\"EntryPoint\",\"urlTemplate\":\"https:\/\/www.iseg.ulisboa.pt\/en\/?s={search_term_string}\"},\"query-input\":\"required name=search_term_string\"}],\"inLanguage\":\"en-US\"},{\"@type\":\"Organization\",\"@id\":\"https:\/\/www.iseg.ulisboa.pt\/en\/#organization\",\"name\":\"ISEG\",\"url\":\"https:\/\/www.iseg.ulisboa.pt\/en\/\",\"logo\":{\"@type\":\"ImageObject\",\"inLanguage\":\"en-US\",\"@id\":\"https:\/\/www.iseg.ulisboa.pt\/en\/#\/schema\/logo\/image\/\",\"url\":\"https:\/\/www.iseg.ulisboa.pt\/wp-content\/uploads\/2021\/02\/iseg-logo-ul.svg\",\"contentUrl\":\"https:\/\/www.iseg.ulisboa.pt\/wp-content\/uploads\/2021\/02\/iseg-logo-ul.svg\",\"width\":250,\"height\":120,\"caption\":\"ISEG\"},\"image\":{\"@id\":\"https:\/\/www.iseg.ulisboa.pt\/en\/#\/schema\/logo\/image\/\"},\"sameAs\":[\"https:\/\/www.facebook.com\/iseg.pt\",\"https:\/\/x.com\/iseglisbon\",\"https:\/\/www.instagram.com\/iseglisbon\/\",\"https:\/\/www.linkedin.com\/school\/iseglisbon\/\",\"https:\/\/www.youtube.com\/user\/DMREISEG\"]},{\"@type\":\"Person\",\"@id\":\"https:\/\/www.iseg.ulisboa.pt\/en\/#\/schema\/person\/6cd6f67b654166bdf43dfb8c9e65b4a0\",\"name\":\"emiliadesousa\",\"url\":\"https:\/\/www.iseg.ulisboa.pt\/en\/author\/emiliadesousa\/\"}]}<\/script>\n<!-- \/ Yoast SEO plugin. -->","yoast_head_json":{"title":"Experience the Future | May 21-24 - ISEG","robots":{"index":"index","follow":"follow","max-snippet":"max-snippet:-1","max-image-preview":"max-image-preview:large","max-video-preview":"max-video-preview:-1"},"canonical":"https:\/\/www.iseg.ulisboa.pt\/en\/2026\/04\/experience-the-future-may-21-24\/","twitter_misc":{"Written by":"emiliadesousa","Est. reading time":"1 minute"},"schema":{"@context":"https:\/\/schema.org","@graph":[{"@type":"Article","@id":"https:\/\/www.iseg.ulisboa.pt\/en\/2026\/04\/experience-the-future-may-21-24\/#article","isPartOf":{"@id":"https:\/\/www.iseg.ulisboa.pt\/en\/2026\/04\/experience-the-future-may-21-24\/"},"author":{"name":"emiliadesousa","@id":"https:\/\/www.iseg.ulisboa.pt\/en\/#\/schema\/person\/6cd6f67b654166bdf43dfb8c9e65b4a0"},"headline":"Experimenta o Futuro | 21 a 24 de Maio","datePublished":"2026-04-27T11:26:46+00:00","dateModified":"2026-04-27T13:55:26+00:00","mainEntityOfPage":{"@id":"https:\/\/www.iseg.ulisboa.pt\/en\/2026\/04\/experience-the-future-may-21-24\/"},"wordCount":120,"publisher":{"@id":"https:\/\/www.iseg.ulisboa.pt\/en\/#organization"},"image":{"@id":"https:\/\/www.iseg.ulisboa.pt\/en\/2026\/04\/experience-the-future-may-21-24\/#primaryimage"},"thumbnailUrl":"https:\/\/www.iseg.ulisboa.pt\/wp-content\/uploads\/Experimenta-o-Futuro_Banner-1200x800-2.png","articleSection":["Universidade de Lisboa"],"inLanguage":"en-US"},{"@type":"WebPage","@id":"https:\/\/www.iseg.ulisboa.pt\/en\/2026\/04\/experience-the-future-may-21-24\/","url":"https:\/\/www.iseg.ulisboa.pt\/en\/2026\/04\/experience-the-future-may-21-24\/","name":"Experience the Future | May 21-24 - ISEG","isPartOf":{"@id":"https:\/\/www.iseg.ulisboa.pt\/en\/#website"},"primaryImageOfPage":{"@id":"https:\/\/www.iseg.ulisboa.pt\/en\/2026\/04\/experience-the-future-may-21-24\/#primaryimage"},"image":{"@id":"https:\/\/www.iseg.ulisboa.pt\/en\/2026\/04\/experience-the-future-may-21-24\/#primaryimage"},"thumbnailUrl":"https:\/\/www.iseg.ulisboa.pt\/wp-content\/uploads\/Experimenta-o-Futuro_Banner-1200x800-2.png","datePublished":"2026-04-27T11:26:46+00:00","dateModified":"2026-04-27T13:55:26+00:00","breadcrumb":{"@id":"https:\/\/www.iseg.ulisboa.pt\/en\/2026\/04\/experience-the-future-may-21-24\/#breadcrumb"},"inLanguage":"en-US","potentialAction":[{"@type":"ReadAction","target":["https:\/\/www.iseg.ulisboa.pt\/en\/2026\/04\/experience-the-future-may-21-24\/"]}]},{"@type":"ImageObject","inLanguage":"en-US","@id":"https:\/\/www.iseg.ulisboa.pt\/en\/2026\/04\/experience-the-future-may-21-24\/#primaryimage","url":"https:\/\/www.iseg.ulisboa.pt\/wp-content\/uploads\/Experimenta-o-Futuro_Banner-1200x800-2.png","contentUrl":"https:\/\/www.iseg.ulisboa.pt\/wp-content\/uploads\/Experimenta-o-Futuro_Banner-1200x800-2.png","width":1201,"height":801},{"@type":"BreadcrumbList","@id":"https:\/\/www.iseg.ulisboa.pt\/en\/2026\/04\/experience-the-future-may-21-24\/#breadcrumb","itemListElement":[{"@type":"ListItem","position":1,"name":"Home","item":"https:\/\/www.iseg.ulisboa.pt\/"},{"@type":"ListItem","position":2,"name":"Experimenta o Futuro | 21 a 24 de Maio"}]},{"@type":"WebSite","@id":"https:\/\/www.iseg.ulisboa.pt\/en\/#website","url":"https:\/\/www.iseg.ulisboa.pt\/en\/","name":"ISEG","description":"Lisbon School of Economics &amp; Management","publisher":{"@id":"https:\/\/www.iseg.ulisboa.pt\/en\/#organization"},"potentialAction":[{"@type":"SearchAction","target":{"@type":"EntryPoint","urlTemplate":"https:\/\/www.iseg.ulisboa.pt\/en\/?s={search_term_string}"},"query-input":"required name=search_term_string"}],"inLanguage":"en-US"},{"@type":"Organization","@id":"https:\/\/www.iseg.ulisboa.pt\/en\/#organization","name":"ISEG","url":"https:\/\/www.iseg.ulisboa.pt\/en\/","logo":{"@type":"ImageObject","inLanguage":"en-US","@id":"https:\/\/www.iseg.ulisboa.pt\/en\/#\/schema\/logo\/image\/","url":"https:\/\/www.iseg.ulisboa.pt\/wp-content\/uploads\/2021\/02\/iseg-logo-ul.svg","contentUrl":"https:\/\/www.iseg.ulisboa.pt\/wp-content\/uploads\/2021\/02\/iseg-logo-ul.svg","width":250,"height":120,"caption":"ISEG"},"image":{"@id":"https:\/\/www.iseg.ulisboa.pt\/en\/#\/schema\/logo\/image\/"},"sameAs":["https:\/\/www.facebook.com\/iseg.pt","https:\/\/x.com\/iseglisbon","https:\/\/www.instagram.com\/iseglisbon\/","https:\/\/www.linkedin.com\/school\/iseglisbon\/","https:\/\/www.youtube.com\/user\/DMREISEG"]},{"@type":"Person","@id":"https:\/\/www.iseg.ulisboa.pt\/en\/#\/schema\/person\/6cd6f67b654166bdf43dfb8c9e65b4a0","name":"emiliadesousa","url":"https:\/\/www.iseg.ulisboa.pt\/en\/author\/emiliadesousa\/"}]}},"uagb_featured_image_src":{"full":["https:\/\/www.iseg.ulisboa.pt\/wp-content\/uploads\/Experimenta-o-Futuro_Banner-1200x800-2.png",1201,801,false],"thumbnail":["https:\/\/www.iseg.ulisboa.pt\/wp-content\/uploads\/Experimenta-o-Futuro_Banner-1200x800-2-150x150.png",150,150,true],"medium":["https:\/\/www.iseg.ulisboa.pt\/wp-content\/uploads\/Experimenta-o-Futuro_Banner-1200x800-2-300x200.png",300,200,true],"medium_large":["https:\/\/www.iseg.ulisboa.pt\/wp-content\/uploads\/Experimenta-o-Futuro_Banner-1200x800-2.png",768,512,false],"large":["https:\/\/www.iseg.ulisboa.pt\/wp-content\/uploads\/Experimenta-o-Futuro_Banner-1200x800-2.png",1024,683,false],"1536x1536":["https:\/\/www.iseg.ulisboa.pt\/wp-content\/uploads\/Experimenta-o-Futuro_Banner-1200x800-2.png",1201,801,false],"2048x2048":["https:\/\/www.iseg.ulisboa.pt\/wp-content\/uploads\/Experimenta-o-Futuro_Banner-1200x800-2.png",1201,801,false],"trp-custom-language-flag":["https:\/\/www.iseg.ulisboa.pt\/wp-content\/uploads\/Experimenta-o-Futuro_Banner-1200x800-2-18x12.png",18,12,true]},"uagb_author_info":{"display_name":"emiliadesousa","author_link":"https:\/\/www.iseg.ulisboa.pt\/en\/author\/emiliadesousa\/"},"uagb_comment_info":0,"uagb_excerpt":"A ULisboa celebra um ano de&nbsp;Pavilh\u00e3o de Portugal&nbsp;como espa\u00e7o de liga\u00e7\u00e3o \u00e0 sociedade, onde ci\u00eancia, cultura, inova\u00e7\u00e3o e participa\u00e7\u00e3o p\u00fablica se encontram, com o evento&nbsp;Experimenta o Futuro.&nbsp; De&nbsp;21 a 24&nbsp;[...]","_links":{"self":[{"href":"https:\/\/www.iseg.ulisboa.pt\/en\/wp-json\/wp\/v2\/posts\/69243"}],"collection":[{"href":"https:\/\/www.iseg.ulisboa.pt\/en\/wp-json\/wp\/v2\/posts"}],"about":[{"href":"https:\/\/www.iseg.ulisboa.pt\/en\/wp-json\/wp\/v2\/types\/post"}],"author":[{"embeddable":true,"href":"https:\/\/www.iseg.ulisboa.pt\/en\/wp-json\/wp\/v2\/users\/60"}],"replies":[{"embeddable":true,"href":"https:\/\/www.iseg.ulisboa.pt\/en\/wp-json\/wp\/v2\/comments?post=69243"}],"version-history":[{"count":0,"href":"https:\/\/www.iseg.ulisboa.pt\/en\/wp-json\/wp\/v2\/posts\/69243\/revisions"}],"wp:featuredmedia":[{"embeddable":true,"href":"https:\/\/www.iseg.ulisboa.pt\/en\/wp-json\/wp\/v2\/media\/69258"}],"wp:attachment":[{"href":"https:\/\/www.iseg.ulisboa.pt\/en\/wp-json\/wp\/v2\/media?parent=69243"}],"wp:term":[{"taxonomy":"category","embeddable":true,"href":"https:\/\/www.iseg.ulisboa.pt\/en\/wp-json\/wp\/v2\/categories?post=69243"},{"taxonomy":"topic","embeddable":true,"href":"https:\/\/www.iseg.ulisboa.pt\/en\/wp-json\/wp\/v2\/topic?post=69243"}],"curies":[{"name":"wp","href":"https:\/\/api.w.org\/{rel}","templated":true}]}}