{"id":9704,"date":"2018-12-19T00:00:00","date_gmt":"2018-12-19T00:00:00","guid":{"rendered":"https:\/\/iseg.gomo.dev\/2018\/12\/concurso-estimulo-ao-emprego-cientifico-individual-2018\/"},"modified":"2023-12-20T15:21:11","modified_gmt":"2023-12-20T15:21:11","slug":"competition-stimulus-for-scientific-employment-individual-2018","status":"publish","type":"post","link":"https:\/\/www.iseg.ulisboa.pt\/en\/2018\/12\/competition-stimulus-for-scientific-employment-individual-2018\/","title":{"rendered":"Individual Scientific Employment Stimulus Competition 2018"},"content":{"rendered":"<p>FCT - Foundation for Science and Technology announced the \n<strong>\n<a href=\"https:\/\/www.fct.pt\/apoios\/contratacaodoutorados\/empregocientifico\/ceec_ind2018.phtml.pt\">Scientific Employment Stimulus Contest - Individual 2018<\/a><\/strong> for funding 300 contracts for Ph.D. researchers in all scientific areas.\n<br \/>\n<br \/>The contest opens January 17, 2019 (only then will the application form be available).\n<br \/>\n<br \/>The \n<em>deadline<\/em> of application submission is \n<span>February 20th<\/span> 2019, 5pm.\n<br \/>\n<br \/>Applications are submitted electronically, in English, through the electronic platform to be made available in due course.\n<br \/>\n<br \/>For additional information about the Individual Support Competition, please contact FCT by e-mail&nbsp; \n<a href=\"mailto:info.ec@fct.pt\">\n<strong>info.ec@fct.pt<\/strong>\n<br \/>\n<br \/><\/a> \n<strong>Tender documents are now available:<\/strong><\/p>\n<ul>\n  <li>\n    <strong>\n    <a href=\"https:\/\/www.fct.pt\/apoios\/contratacaodoutorados\/empregocientifico\/docs\/AAC_Emprego_Cientifico_Apoio_Individual_2018.pdf\" target=\"_blank\" rel=\"noopener\">Notice of Opening<\/a><\/strong>\n  <\/li>\n  <li>\n    <strong>\n    <a href=\"https:\/\/www.fct.pt\/apoios\/contratacaodoutorados\/empregocientifico\/docs\/Ethics_Self_Assessment_Guide_2018.pdf\" target=\"_blank\" rel=\"noopener\">Ethics Guide<\/a> \n    <em>(in English)<\/em><\/strong>\n  <\/li>\n  <li>\n    <strong>\n    <a href=\"https:\/\/www.fct.pt\/apoios\/contratacaodoutorados\/docs\/RegulamentoDoEmpregoCientifico.pdf\" target=\"_blank\" rel=\"noopener\">Scientific Employment Rules and Regulations<\/a><\/strong>\n  <\/li>\n<\/ul>\n<p>\n<br \/>On \n<strong>January 21, 2019<\/strong>at 5pm, in Auditorium 3 of Quelhas, there will be an information session for \n<span>researchers who wish to apply to be hosted by ISEG's research units.\n<br \/><\/span><\/p>\n<table border=\"0\">\n  <tbody>\n    <tr>\n      <td>\n        \t\t\r\n\t\t<figure class=\"wp-block-image size-large\"><img loading=\"lazy\" decoding=\"async\" width=\"600\" height=\"866\" src=\"https:\/\/www.iseg.ulisboa.pt\/wp-content\/uploads\/2021\/01\/Cartaz-Estimulo-Emprego-Cientifico-2018-21Jan2019.jpg\" alt=\"\" class=\"wp-image-3058\" srcset=\"https:\/\/www.iseg.ulisboa.pt\/wp-content\/uploads\/2021\/01\/Cartaz-Estimulo-Emprego-Cientifico-2018-21Jan2019.jpg 600w, https:\/\/www.iseg.ulisboa.pt\/wp-content\/uploads\/2021\/01\/Cartaz-Estimulo-Emprego-Cientifico-2018-21Jan2019-208x300.jpg 208w\" sizes=\"(max-width: 600px) 100vw, 600px\" \/><\/figure>\r\n\t\t\r\n\r\n\t\n      <\/td>\n    <\/tr>\n  <\/tbody>\n<\/table>\n<p>\n  <span>\n    <br \/>\n    <br \/>\n    <br \/>\n  <\/span>\n<\/p>","protected":false},"excerpt":{"rendered":"FCT - Foundation for Science and Technology has announced the\n\nStimulus Call for Scientific Employment - Individual 2018 to fund 300 contracts for doctoral researchers in all scientific areas.","protected":false},"author":1,"featured_media":0,"comment_status":"open","ping_status":"open","sticky":false,"template":"","format":"standard","meta":{"inline_featured_image":false,"_uag_custom_page_level_css":"","footnotes":""},"categories":[1,7],"topic":[],"acf":[],"yoast_head":"<!-- This site is optimized with the Yoast SEO plugin v22.6 - https:\/\/yoast.com\/wordpress\/plugins\/seo\/ -->\n<title>Concurso Est\u00edmulo ao Emprego Cient\u00edfico Individual 2018 - ISEG<\/title>\n<meta name=\"robots\" content=\"index, follow, max-snippet:-1, max-image-preview:large, max-video-preview:-1\" \/>\n<link rel=\"canonical\" href=\"https:\/\/www.iseg.ulisboa.pt\/en\/2018\/12\/competition-stimulus-for-scientific-employment-individual-2018\/\" \/>\n<meta name=\"twitter:label1\" content=\"Written by\" \/>\n\t<meta name=\"twitter:data1\" content=\"gomo\" \/>\n\t<meta name=\"twitter:label2\" content=\"Est. reading time\" \/>\n\t<meta name=\"twitter:data2\" content=\"1 minute\" \/>\n<script type=\"application\/ld+json\" class=\"yoast-schema-graph\">{\"@context\":\"https:\/\/schema.org\",\"@graph\":[{\"@type\":\"Article\",\"@id\":\"https:\/\/www.iseg.ulisboa.pt\/en\/2018\/12\/competition-stimulus-for-scientific-employment-individual-2018\/#article\",\"isPartOf\":{\"@id\":\"https:\/\/www.iseg.ulisboa.pt\/en\/2018\/12\/competition-stimulus-for-scientific-employment-individual-2018\/\"},\"author\":{\"name\":\"gomo\",\"@id\":\"https:\/\/www.iseg.ulisboa.pt\/en\/#\/schema\/person\/c0c52437d81e25e1688a2bc7bf4b5e78\"},\"headline\":\"Concurso Est\u00edmulo ao Emprego Cient\u00edfico Individual 2018\",\"datePublished\":\"2018-12-19T00:00:00+00:00\",\"dateModified\":\"2023-12-20T15:21:11+00:00\",\"mainEntityOfPage\":{\"@id\":\"https:\/\/www.iseg.ulisboa.pt\/en\/2018\/12\/competition-stimulus-for-scientific-employment-individual-2018\/\"},\"wordCount\":169,\"commentCount\":0,\"publisher\":{\"@id\":\"https:\/\/www.iseg.ulisboa.pt\/en\/#organization\"},\"image\":{\"@id\":\"https:\/\/www.iseg.ulisboa.pt\/en\/2018\/12\/competition-stimulus-for-scientific-employment-individual-2018\/#primaryimage\"},\"thumbnailUrl\":\"https:\/\/www.iseg.ulisboa.pt\/wp-content\/uploads\/2021\/01\/Cartaz-Estimulo-Emprego-Cientifico-2018-21Jan2019.jpg\",\"articleSection\":[\"Others\",\"Outras\"],\"inLanguage\":\"en-US\",\"potentialAction\":[{\"@type\":\"CommentAction\",\"name\":\"Comment\",\"target\":[\"https:\/\/www.iseg.ulisboa.pt\/en\/2018\/12\/competition-stimulus-for-scientific-employment-individual-2018\/#respond\"]}]},{\"@type\":\"WebPage\",\"@id\":\"https:\/\/www.iseg.ulisboa.pt\/en\/2018\/12\/competition-stimulus-for-scientific-employment-individual-2018\/\",\"url\":\"https:\/\/www.iseg.ulisboa.pt\/en\/2018\/12\/competition-stimulus-for-scientific-employment-individual-2018\/\",\"name\":\"Concurso Est\u00edmulo ao Emprego Cient\u00edfico Individual 2018 - ISEG\",\"isPartOf\":{\"@id\":\"https:\/\/www.iseg.ulisboa.pt\/en\/#website\"},\"primaryImageOfPage\":{\"@id\":\"https:\/\/www.iseg.ulisboa.pt\/en\/2018\/12\/competition-stimulus-for-scientific-employment-individual-2018\/#primaryimage\"},\"image\":{\"@id\":\"https:\/\/www.iseg.ulisboa.pt\/en\/2018\/12\/competition-stimulus-for-scientific-employment-individual-2018\/#primaryimage\"},\"thumbnailUrl\":\"https:\/\/www.iseg.ulisboa.pt\/wp-content\/uploads\/2021\/01\/Cartaz-Estimulo-Emprego-Cientifico-2018-21Jan2019.jpg\",\"datePublished\":\"2018-12-19T00:00:00+00:00\",\"dateModified\":\"2023-12-20T15:21:11+00:00\",\"breadcrumb\":{\"@id\":\"https:\/\/www.iseg.ulisboa.pt\/en\/2018\/12\/competition-stimulus-for-scientific-employment-individual-2018\/#breadcrumb\"},\"inLanguage\":\"en-US\",\"potentialAction\":[{\"@type\":\"ReadAction\",\"target\":[\"https:\/\/www.iseg.ulisboa.pt\/en\/2018\/12\/competition-stimulus-for-scientific-employment-individual-2018\/\"]}]},{\"@type\":\"ImageObject\",\"inLanguage\":\"en-US\",\"@id\":\"https:\/\/www.iseg.ulisboa.pt\/en\/2018\/12\/competition-stimulus-for-scientific-employment-individual-2018\/#primaryimage\",\"url\":\"https:\/\/www.iseg.ulisboa.pt\/wp-content\/uploads\/2021\/01\/Cartaz-Estimulo-Emprego-Cientifico-2018-21Jan2019.jpg\",\"contentUrl\":\"https:\/\/www.iseg.ulisboa.pt\/wp-content\/uploads\/2021\/01\/Cartaz-Estimulo-Emprego-Cientifico-2018-21Jan2019.jpg\"},{\"@type\":\"BreadcrumbList\",\"@id\":\"https:\/\/www.iseg.ulisboa.pt\/en\/2018\/12\/competition-stimulus-for-scientific-employment-individual-2018\/#breadcrumb\",\"itemListElement\":[{\"@type\":\"ListItem\",\"position\":1,\"name\":\"Home\",\"item\":\"https:\/\/www.iseg.ulisboa.pt\/\"},{\"@type\":\"ListItem\",\"position\":2,\"name\":\"Concurso Est\u00edmulo ao Emprego Cient\u00edfico Individual 2018\"}]},{\"@type\":\"WebSite\",\"@id\":\"https:\/\/www.iseg.ulisboa.pt\/en\/#website\",\"url\":\"https:\/\/www.iseg.ulisboa.pt\/en\/\",\"name\":\"ISEG\",\"description\":\"Lisbon School of Economics &amp; Management\",\"publisher\":{\"@id\":\"https:\/\/www.iseg.ulisboa.pt\/en\/#organization\"},\"potentialAction\":[{\"@type\":\"SearchAction\",\"target\":{\"@type\":\"EntryPoint\",\"urlTemplate\":\"https:\/\/www.iseg.ulisboa.pt\/en\/?s={search_term_string}\"},\"query-input\":\"required name=search_term_string\"}],\"inLanguage\":\"en-US\"},{\"@type\":\"Organization\",\"@id\":\"https:\/\/www.iseg.ulisboa.pt\/en\/#organization\",\"name\":\"ISEG\",\"url\":\"https:\/\/www.iseg.ulisboa.pt\/en\/\",\"logo\":{\"@type\":\"ImageObject\",\"inLanguage\":\"en-US\",\"@id\":\"https:\/\/www.iseg.ulisboa.pt\/en\/#\/schema\/logo\/image\/\",\"url\":\"https:\/\/www.iseg.ulisboa.pt\/wp-content\/uploads\/2021\/02\/iseg-logo-ul.svg\",\"contentUrl\":\"https:\/\/www.iseg.ulisboa.pt\/wp-content\/uploads\/2021\/02\/iseg-logo-ul.svg\",\"width\":250,\"height\":120,\"caption\":\"ISEG\"},\"image\":{\"@id\":\"https:\/\/www.iseg.ulisboa.pt\/en\/#\/schema\/logo\/image\/\"},\"sameAs\":[\"https:\/\/www.facebook.com\/iseg.pt\",\"https:\/\/x.com\/iseglisbon\",\"https:\/\/www.instagram.com\/iseglisbon\/\",\"https:\/\/www.linkedin.com\/school\/iseglisbon\/\",\"https:\/\/www.youtube.com\/user\/DMREISEG\"]},{\"@type\":\"Person\",\"@id\":\"https:\/\/www.iseg.ulisboa.pt\/en\/#\/schema\/person\/c0c52437d81e25e1688a2bc7bf4b5e78\",\"name\":\"gomo\",\"sameAs\":[\"http:\/\/_\"],\"url\":\"https:\/\/www.iseg.ulisboa.pt\/en\/author\/gomo\/\"}]}<\/script>\n<!-- \/ Yoast SEO plugin. -->","yoast_head_json":{"title":"Individual Scientific Employment Incentive Competition 2018 - ISEG","robots":{"index":"index","follow":"follow","max-snippet":"max-snippet:-1","max-image-preview":"max-image-preview:large","max-video-preview":"max-video-preview:-1"},"canonical":"https:\/\/www.iseg.ulisboa.pt\/en\/2018\/12\/competition-stimulus-for-scientific-employment-individual-2018\/","twitter_misc":{"Written by":"gomo","Est. reading time":"1 minute"},"schema":{"@context":"https:\/\/schema.org","@graph":[{"@type":"Article","@id":"https:\/\/www.iseg.ulisboa.pt\/en\/2018\/12\/competition-stimulus-for-scientific-employment-individual-2018\/#article","isPartOf":{"@id":"https:\/\/www.iseg.ulisboa.pt\/en\/2018\/12\/competition-stimulus-for-scientific-employment-individual-2018\/"},"author":{"name":"gomo","@id":"https:\/\/www.iseg.ulisboa.pt\/en\/#\/schema\/person\/c0c52437d81e25e1688a2bc7bf4b5e78"},"headline":"Concurso Est\u00edmulo ao Emprego Cient\u00edfico Individual 2018","datePublished":"2018-12-19T00:00:00+00:00","dateModified":"2023-12-20T15:21:11+00:00","mainEntityOfPage":{"@id":"https:\/\/www.iseg.ulisboa.pt\/en\/2018\/12\/competition-stimulus-for-scientific-employment-individual-2018\/"},"wordCount":169,"commentCount":0,"publisher":{"@id":"https:\/\/www.iseg.ulisboa.pt\/en\/#organization"},"image":{"@id":"https:\/\/www.iseg.ulisboa.pt\/en\/2018\/12\/competition-stimulus-for-scientific-employment-individual-2018\/#primaryimage"},"thumbnailUrl":"https:\/\/www.iseg.ulisboa.pt\/wp-content\/uploads\/2021\/01\/Cartaz-Estimulo-Emprego-Cientifico-2018-21Jan2019.jpg","articleSection":["Others","Outras"],"inLanguage":"en-US","potentialAction":[{"@type":"CommentAction","name":"Comment","target":["https:\/\/www.iseg.ulisboa.pt\/en\/2018\/12\/competition-stimulus-for-scientific-employment-individual-2018\/#respond"]}]},{"@type":"WebPage","@id":"https:\/\/www.iseg.ulisboa.pt\/en\/2018\/12\/competition-stimulus-for-scientific-employment-individual-2018\/","url":"https:\/\/www.iseg.ulisboa.pt\/en\/2018\/12\/competition-stimulus-for-scientific-employment-individual-2018\/","name":"Individual Scientific Employment Incentive Competition 2018 - ISEG","isPartOf":{"@id":"https:\/\/www.iseg.ulisboa.pt\/en\/#website"},"primaryImageOfPage":{"@id":"https:\/\/www.iseg.ulisboa.pt\/en\/2018\/12\/competition-stimulus-for-scientific-employment-individual-2018\/#primaryimage"},"image":{"@id":"https:\/\/www.iseg.ulisboa.pt\/en\/2018\/12\/competition-stimulus-for-scientific-employment-individual-2018\/#primaryimage"},"thumbnailUrl":"https:\/\/www.iseg.ulisboa.pt\/wp-content\/uploads\/2021\/01\/Cartaz-Estimulo-Emprego-Cientifico-2018-21Jan2019.jpg","datePublished":"2018-12-19T00:00:00+00:00","dateModified":"2023-12-20T15:21:11+00:00","breadcrumb":{"@id":"https:\/\/www.iseg.ulisboa.pt\/en\/2018\/12\/competition-stimulus-for-scientific-employment-individual-2018\/#breadcrumb"},"inLanguage":"en-US","potentialAction":[{"@type":"ReadAction","target":["https:\/\/www.iseg.ulisboa.pt\/en\/2018\/12\/competition-stimulus-for-scientific-employment-individual-2018\/"]}]},{"@type":"ImageObject","inLanguage":"en-US","@id":"https:\/\/www.iseg.ulisboa.pt\/en\/2018\/12\/competition-stimulus-for-scientific-employment-individual-2018\/#primaryimage","url":"https:\/\/www.iseg.ulisboa.pt\/wp-content\/uploads\/2021\/01\/Cartaz-Estimulo-Emprego-Cientifico-2018-21Jan2019.jpg","contentUrl":"https:\/\/www.iseg.ulisboa.pt\/wp-content\/uploads\/2021\/01\/Cartaz-Estimulo-Emprego-Cientifico-2018-21Jan2019.jpg"},{"@type":"BreadcrumbList","@id":"https:\/\/www.iseg.ulisboa.pt\/en\/2018\/12\/competition-stimulus-for-scientific-employment-individual-2018\/#breadcrumb","itemListElement":[{"@type":"ListItem","position":1,"name":"Home","item":"https:\/\/www.iseg.ulisboa.pt\/"},{"@type":"ListItem","position":2,"name":"Concurso Est\u00edmulo ao Emprego Cient\u00edfico Individual 2018"}]},{"@type":"WebSite","@id":"https:\/\/www.iseg.ulisboa.pt\/en\/#website","url":"https:\/\/www.iseg.ulisboa.pt\/en\/","name":"ISEG","description":"Lisbon School of Economics &amp; Management","publisher":{"@id":"https:\/\/www.iseg.ulisboa.pt\/en\/#organization"},"potentialAction":[{"@type":"SearchAction","target":{"@type":"EntryPoint","urlTemplate":"https:\/\/www.iseg.ulisboa.pt\/en\/?s={search_term_string}"},"query-input":"required name=search_term_string"}],"inLanguage":"en-US"},{"@type":"Organization","@id":"https:\/\/www.iseg.ulisboa.pt\/en\/#organization","name":"ISEG","url":"https:\/\/www.iseg.ulisboa.pt\/en\/","logo":{"@type":"ImageObject","inLanguage":"en-US","@id":"https:\/\/www.iseg.ulisboa.pt\/en\/#\/schema\/logo\/image\/","url":"https:\/\/www.iseg.ulisboa.pt\/wp-content\/uploads\/2021\/02\/iseg-logo-ul.svg","contentUrl":"https:\/\/www.iseg.ulisboa.pt\/wp-content\/uploads\/2021\/02\/iseg-logo-ul.svg","width":250,"height":120,"caption":"ISEG"},"image":{"@id":"https:\/\/www.iseg.ulisboa.pt\/en\/#\/schema\/logo\/image\/"},"sameAs":["https:\/\/www.facebook.com\/iseg.pt","https:\/\/x.com\/iseglisbon","https:\/\/www.instagram.com\/iseglisbon\/","https:\/\/www.linkedin.com\/school\/iseglisbon\/","https:\/\/www.youtube.com\/user\/DMREISEG"]},{"@type":"Person","@id":"https:\/\/www.iseg.ulisboa.pt\/en\/#\/schema\/person\/c0c52437d81e25e1688a2bc7bf4b5e78","name":"bud","sameAs":["http:\/\/_"],"url":"https:\/\/www.iseg.ulisboa.pt\/en\/author\/gomo\/"}]}},"uagb_featured_image_src":{"full":false,"thumbnail":false,"medium":false,"medium_large":false,"large":false,"1536x1536":false,"2048x2048":false,"trp-custom-language-flag":false},"uagb_author_info":{"display_name":"gomo","author_link":"https:\/\/www.iseg.ulisboa.pt\/en\/author\/gomo\/"},"uagb_comment_info":0,"uagb_excerpt":"A FCT - Funda\u00e7\u00e3o para a Ci\u00eancia e a Tecnologia anunciou o\u00a0 Concurso Est\u00edmulo ao Emprego Cient\u00edfico - Individual 2018 \u00a0para financiamento de 300 contratos para investigadores doutorados em todas as \u00e1reas cient\u00edficas.","_links":{"self":[{"href":"https:\/\/www.iseg.ulisboa.pt\/en\/wp-json\/wp\/v2\/posts\/9704"}],"collection":[{"href":"https:\/\/www.iseg.ulisboa.pt\/en\/wp-json\/wp\/v2\/posts"}],"about":[{"href":"https:\/\/www.iseg.ulisboa.pt\/en\/wp-json\/wp\/v2\/types\/post"}],"author":[{"embeddable":true,"href":"https:\/\/www.iseg.ulisboa.pt\/en\/wp-json\/wp\/v2\/users\/1"}],"replies":[{"embeddable":true,"href":"https:\/\/www.iseg.ulisboa.pt\/en\/wp-json\/wp\/v2\/comments?post=9704"}],"version-history":[{"count":0,"href":"https:\/\/www.iseg.ulisboa.pt\/en\/wp-json\/wp\/v2\/posts\/9704\/revisions"}],"wp:attachment":[{"href":"https:\/\/www.iseg.ulisboa.pt\/en\/wp-json\/wp\/v2\/media?parent=9704"}],"wp:term":[{"taxonomy":"category","embeddable":true,"href":"https:\/\/www.iseg.ulisboa.pt\/en\/wp-json\/wp\/v2\/categories?post=9704"},{"taxonomy":"topic","embeddable":true,"href":"https:\/\/www.iseg.ulisboa.pt\/en\/wp-json\/wp\/v2\/topic?post=9704"}],"curies":[{"name":"wp","href":"https:\/\/api.w.org\/{rel}","templated":true}]}}