{"id":9905,"date":"2017-12-18T00:00:00","date_gmt":"2017-12-18T00:00:00","guid":{"rendered":"https:\/\/iseg.gomo.dev\/2017\/12\/tomada-de-posse-do-presidente-iseg\/"},"modified":"2017-12-18T00:00:00","modified_gmt":"2017-12-18T00:00:00","slug":"inauguration-of-the-president-iseg","status":"publish","type":"post","link":"https:\/\/www.iseg.ulisboa.pt\/en\/2017\/12\/inauguration-of-the-president-iseg\/","title":{"rendered":"Inauguration of the President of ISEG"},"content":{"rendered":"<table border=\"0\">\n  <tbody>\n    <tr>\n      <td>\n        \t\t\r\n\t\t<figure class=\"wp-block-image size-large\"><img loading=\"lazy\" decoding=\"async\" width=\"715\" height=\"278\" src=\"https:\/\/www.iseg.ulisboa.pt\/wp-content\/uploads\/2021\/01\/tomada-de-posse-prof.-mira-godinho-dez-2017.jpg\" alt=\"\" class=\"wp-image-3249\" srcset=\"https:\/\/www.iseg.ulisboa.pt\/wp-content\/uploads\/2021\/01\/tomada-de-posse-prof.-mira-godinho-dez-2017.jpg 715w, https:\/\/www.iseg.ulisboa.pt\/wp-content\/uploads\/2021\/01\/tomada-de-posse-prof.-mira-godinho-dez-2017-300x117.jpg 300w\" sizes=\"(max-width: 715px) 100vw, 715px\" \/><\/figure>\r\n\t\t\r\n\r\n\t\n      <\/td>\n    <\/tr>\n  <\/tbody>\n<\/table>\n<p>\n<br \/>\n<br \/>On December 12, Professor Manuel Mira Godinho took office as President of ISEG.\n<br \/>\n<br \/>The ceremony was presided over by the Magnificent Rector of the University of Lisbon, Professor Ant\u00f3nio Cruz Serra.<\/p>\n<p>\n<br \/> \n<a href=\"https:\/\/flic.kr\/s\/aHsmbHQtmX\" target=\"_blank\" rel=\"noopener\">\n<strong>&gt;&gt; Photo Report<\/strong><\/a><\/p>","protected":false},"excerpt":{"rendered":"On December 12, Professor Manuel Mira Godinho took office as President of ISEG. The ceremony was presided over by the Magnificent Rector of the University of Lisbon, Professor Ant\u00f3nio Cruz Serra.  \n&gt;&gt; Photo Report","protected":false},"author":1,"featured_media":0,"comment_status":"open","ping_status":"open","sticky":false,"template":"","format":"standard","meta":{"inline_featured_image":false,"_uag_custom_page_level_css":"","footnotes":""},"categories":[1],"topic":[],"acf":[],"yoast_head":"<!-- This site is optimized with the Yoast SEO plugin v22.6 - https:\/\/yoast.com\/wordpress\/plugins\/seo\/ -->\n<title>Tomada de Posse do Presidente ISEG - ISEG<\/title>\n<meta name=\"robots\" content=\"index, follow, max-snippet:-1, max-image-preview:large, max-video-preview:-1\" \/>\n<link rel=\"canonical\" href=\"https:\/\/www.iseg.ulisboa.pt\/en\/2017\/12\/inauguration-of-the-president-iseg\/\" \/>\n<meta name=\"twitter:label1\" content=\"Written by\" \/>\n\t<meta name=\"twitter:data1\" content=\"gomo\" \/>\n<script type=\"application\/ld+json\" class=\"yoast-schema-graph\">{\"@context\":\"https:\/\/schema.org\",\"@graph\":[{\"@type\":\"Article\",\"@id\":\"https:\/\/www.iseg.ulisboa.pt\/en\/2017\/12\/inauguration-of-the-president-iseg\/#article\",\"isPartOf\":{\"@id\":\"https:\/\/www.iseg.ulisboa.pt\/en\/2017\/12\/inauguration-of-the-president-iseg\/\"},\"author\":{\"name\":\"gomo\",\"@id\":\"https:\/\/www.iseg.ulisboa.pt\/en\/#\/schema\/person\/c0c52437d81e25e1688a2bc7bf4b5e78\"},\"headline\":\"Tomada de Posse do Presidente ISEG\",\"datePublished\":\"2017-12-18T00:00:00+00:00\",\"dateModified\":\"2017-12-18T00:00:00+00:00\",\"mainEntityOfPage\":{\"@id\":\"https:\/\/www.iseg.ulisboa.pt\/en\/2017\/12\/inauguration-of-the-president-iseg\/\"},\"wordCount\":50,\"commentCount\":0,\"publisher\":{\"@id\":\"https:\/\/www.iseg.ulisboa.pt\/en\/#organization\"},\"image\":{\"@id\":\"https:\/\/www.iseg.ulisboa.pt\/en\/2017\/12\/inauguration-of-the-president-iseg\/#primaryimage\"},\"thumbnailUrl\":\"https:\/\/www.iseg.ulisboa.pt\/wp-content\/uploads\/2021\/01\/tomada-de-posse-prof.-mira-godinho-dez-2017.jpg\",\"articleSection\":[\"Others\"],\"inLanguage\":\"en-US\",\"potentialAction\":[{\"@type\":\"CommentAction\",\"name\":\"Comment\",\"target\":[\"https:\/\/www.iseg.ulisboa.pt\/en\/2017\/12\/inauguration-of-the-president-iseg\/#respond\"]}]},{\"@type\":\"WebPage\",\"@id\":\"https:\/\/www.iseg.ulisboa.pt\/en\/2017\/12\/inauguration-of-the-president-iseg\/\",\"url\":\"https:\/\/www.iseg.ulisboa.pt\/en\/2017\/12\/inauguration-of-the-president-iseg\/\",\"name\":\"Tomada de Posse do Presidente ISEG - ISEG\",\"isPartOf\":{\"@id\":\"https:\/\/www.iseg.ulisboa.pt\/en\/#website\"},\"primaryImageOfPage\":{\"@id\":\"https:\/\/www.iseg.ulisboa.pt\/en\/2017\/12\/inauguration-of-the-president-iseg\/#primaryimage\"},\"image\":{\"@id\":\"https:\/\/www.iseg.ulisboa.pt\/en\/2017\/12\/inauguration-of-the-president-iseg\/#primaryimage\"},\"thumbnailUrl\":\"https:\/\/www.iseg.ulisboa.pt\/wp-content\/uploads\/2021\/01\/tomada-de-posse-prof.-mira-godinho-dez-2017.jpg\",\"datePublished\":\"2017-12-18T00:00:00+00:00\",\"dateModified\":\"2017-12-18T00:00:00+00:00\",\"breadcrumb\":{\"@id\":\"https:\/\/www.iseg.ulisboa.pt\/en\/2017\/12\/inauguration-of-the-president-iseg\/#breadcrumb\"},\"inLanguage\":\"en-US\",\"potentialAction\":[{\"@type\":\"ReadAction\",\"target\":[\"https:\/\/www.iseg.ulisboa.pt\/en\/2017\/12\/inauguration-of-the-president-iseg\/\"]}]},{\"@type\":\"ImageObject\",\"inLanguage\":\"en-US\",\"@id\":\"https:\/\/www.iseg.ulisboa.pt\/en\/2017\/12\/inauguration-of-the-president-iseg\/#primaryimage\",\"url\":\"https:\/\/www.iseg.ulisboa.pt\/wp-content\/uploads\/2021\/01\/tomada-de-posse-prof.-mira-godinho-dez-2017.jpg\",\"contentUrl\":\"https:\/\/www.iseg.ulisboa.pt\/wp-content\/uploads\/2021\/01\/tomada-de-posse-prof.-mira-godinho-dez-2017.jpg\"},{\"@type\":\"BreadcrumbList\",\"@id\":\"https:\/\/www.iseg.ulisboa.pt\/en\/2017\/12\/inauguration-of-the-president-iseg\/#breadcrumb\",\"itemListElement\":[{\"@type\":\"ListItem\",\"position\":1,\"name\":\"Home\",\"item\":\"https:\/\/www.iseg.ulisboa.pt\/\"},{\"@type\":\"ListItem\",\"position\":2,\"name\":\"Tomada de Posse do Presidente ISEG\"}]},{\"@type\":\"WebSite\",\"@id\":\"https:\/\/www.iseg.ulisboa.pt\/en\/#website\",\"url\":\"https:\/\/www.iseg.ulisboa.pt\/en\/\",\"name\":\"ISEG\",\"description\":\"Lisbon School of Economics &amp; Management\",\"publisher\":{\"@id\":\"https:\/\/www.iseg.ulisboa.pt\/en\/#organization\"},\"potentialAction\":[{\"@type\":\"SearchAction\",\"target\":{\"@type\":\"EntryPoint\",\"urlTemplate\":\"https:\/\/www.iseg.ulisboa.pt\/en\/?s={search_term_string}\"},\"query-input\":\"required name=search_term_string\"}],\"inLanguage\":\"en-US\"},{\"@type\":\"Organization\",\"@id\":\"https:\/\/www.iseg.ulisboa.pt\/en\/#organization\",\"name\":\"ISEG\",\"url\":\"https:\/\/www.iseg.ulisboa.pt\/en\/\",\"logo\":{\"@type\":\"ImageObject\",\"inLanguage\":\"en-US\",\"@id\":\"https:\/\/www.iseg.ulisboa.pt\/en\/#\/schema\/logo\/image\/\",\"url\":\"https:\/\/www.iseg.ulisboa.pt\/wp-content\/uploads\/2021\/02\/iseg-logo-ul.svg\",\"contentUrl\":\"https:\/\/www.iseg.ulisboa.pt\/wp-content\/uploads\/2021\/02\/iseg-logo-ul.svg\",\"width\":250,\"height\":120,\"caption\":\"ISEG\"},\"image\":{\"@id\":\"https:\/\/www.iseg.ulisboa.pt\/en\/#\/schema\/logo\/image\/\"},\"sameAs\":[\"https:\/\/www.facebook.com\/iseg.pt\",\"https:\/\/x.com\/iseglisbon\",\"https:\/\/www.instagram.com\/iseglisbon\/\",\"https:\/\/www.linkedin.com\/school\/iseglisbon\/\",\"https:\/\/www.youtube.com\/user\/DMREISEG\"]},{\"@type\":\"Person\",\"@id\":\"https:\/\/www.iseg.ulisboa.pt\/en\/#\/schema\/person\/c0c52437d81e25e1688a2bc7bf4b5e78\",\"name\":\"gomo\",\"sameAs\":[\"http:\/\/_\"],\"url\":\"https:\/\/www.iseg.ulisboa.pt\/en\/author\/gomo\/\"}]}<\/script>\n<!-- \/ Yoast SEO plugin. -->","yoast_head_json":{"title":"Inauguration of the ISEG President - ISEG","robots":{"index":"index","follow":"follow","max-snippet":"max-snippet:-1","max-image-preview":"max-image-preview:large","max-video-preview":"max-video-preview:-1"},"canonical":"https:\/\/www.iseg.ulisboa.pt\/en\/2017\/12\/inauguration-of-the-president-iseg\/","twitter_misc":{"Written by":"gomo"},"schema":{"@context":"https:\/\/schema.org","@graph":[{"@type":"Article","@id":"https:\/\/www.iseg.ulisboa.pt\/en\/2017\/12\/inauguration-of-the-president-iseg\/#article","isPartOf":{"@id":"https:\/\/www.iseg.ulisboa.pt\/en\/2017\/12\/inauguration-of-the-president-iseg\/"},"author":{"name":"gomo","@id":"https:\/\/www.iseg.ulisboa.pt\/en\/#\/schema\/person\/c0c52437d81e25e1688a2bc7bf4b5e78"},"headline":"Tomada de Posse do Presidente ISEG","datePublished":"2017-12-18T00:00:00+00:00","dateModified":"2017-12-18T00:00:00+00:00","mainEntityOfPage":{"@id":"https:\/\/www.iseg.ulisboa.pt\/en\/2017\/12\/inauguration-of-the-president-iseg\/"},"wordCount":50,"commentCount":0,"publisher":{"@id":"https:\/\/www.iseg.ulisboa.pt\/en\/#organization"},"image":{"@id":"https:\/\/www.iseg.ulisboa.pt\/en\/2017\/12\/inauguration-of-the-president-iseg\/#primaryimage"},"thumbnailUrl":"https:\/\/www.iseg.ulisboa.pt\/wp-content\/uploads\/2021\/01\/tomada-de-posse-prof.-mira-godinho-dez-2017.jpg","articleSection":["Others"],"inLanguage":"en-US","potentialAction":[{"@type":"CommentAction","name":"Comment","target":["https:\/\/www.iseg.ulisboa.pt\/en\/2017\/12\/inauguration-of-the-president-iseg\/#respond"]}]},{"@type":"WebPage","@id":"https:\/\/www.iseg.ulisboa.pt\/en\/2017\/12\/inauguration-of-the-president-iseg\/","url":"https:\/\/www.iseg.ulisboa.pt\/en\/2017\/12\/inauguration-of-the-president-iseg\/","name":"Inauguration of the ISEG President - ISEG","isPartOf":{"@id":"https:\/\/www.iseg.ulisboa.pt\/en\/#website"},"primaryImageOfPage":{"@id":"https:\/\/www.iseg.ulisboa.pt\/en\/2017\/12\/inauguration-of-the-president-iseg\/#primaryimage"},"image":{"@id":"https:\/\/www.iseg.ulisboa.pt\/en\/2017\/12\/inauguration-of-the-president-iseg\/#primaryimage"},"thumbnailUrl":"https:\/\/www.iseg.ulisboa.pt\/wp-content\/uploads\/2021\/01\/tomada-de-posse-prof.-mira-godinho-dez-2017.jpg","datePublished":"2017-12-18T00:00:00+00:00","dateModified":"2017-12-18T00:00:00+00:00","breadcrumb":{"@id":"https:\/\/www.iseg.ulisboa.pt\/en\/2017\/12\/inauguration-of-the-president-iseg\/#breadcrumb"},"inLanguage":"en-US","potentialAction":[{"@type":"ReadAction","target":["https:\/\/www.iseg.ulisboa.pt\/en\/2017\/12\/inauguration-of-the-president-iseg\/"]}]},{"@type":"ImageObject","inLanguage":"en-US","@id":"https:\/\/www.iseg.ulisboa.pt\/en\/2017\/12\/inauguration-of-the-president-iseg\/#primaryimage","url":"https:\/\/www.iseg.ulisboa.pt\/wp-content\/uploads\/2021\/01\/tomada-de-posse-prof.-mira-godinho-dez-2017.jpg","contentUrl":"https:\/\/www.iseg.ulisboa.pt\/wp-content\/uploads\/2021\/01\/tomada-de-posse-prof.-mira-godinho-dez-2017.jpg"},{"@type":"BreadcrumbList","@id":"https:\/\/www.iseg.ulisboa.pt\/en\/2017\/12\/inauguration-of-the-president-iseg\/#breadcrumb","itemListElement":[{"@type":"ListItem","position":1,"name":"Home","item":"https:\/\/www.iseg.ulisboa.pt\/"},{"@type":"ListItem","position":2,"name":"Tomada de Posse do Presidente ISEG"}]},{"@type":"WebSite","@id":"https:\/\/www.iseg.ulisboa.pt\/en\/#website","url":"https:\/\/www.iseg.ulisboa.pt\/en\/","name":"ISEG","description":"Lisbon School of Economics &amp; Management","publisher":{"@id":"https:\/\/www.iseg.ulisboa.pt\/en\/#organization"},"potentialAction":[{"@type":"SearchAction","target":{"@type":"EntryPoint","urlTemplate":"https:\/\/www.iseg.ulisboa.pt\/en\/?s={search_term_string}"},"query-input":"required name=search_term_string"}],"inLanguage":"en-US"},{"@type":"Organization","@id":"https:\/\/www.iseg.ulisboa.pt\/en\/#organization","name":"ISEG","url":"https:\/\/www.iseg.ulisboa.pt\/en\/","logo":{"@type":"ImageObject","inLanguage":"en-US","@id":"https:\/\/www.iseg.ulisboa.pt\/en\/#\/schema\/logo\/image\/","url":"https:\/\/www.iseg.ulisboa.pt\/wp-content\/uploads\/2021\/02\/iseg-logo-ul.svg","contentUrl":"https:\/\/www.iseg.ulisboa.pt\/wp-content\/uploads\/2021\/02\/iseg-logo-ul.svg","width":250,"height":120,"caption":"ISEG"},"image":{"@id":"https:\/\/www.iseg.ulisboa.pt\/en\/#\/schema\/logo\/image\/"},"sameAs":["https:\/\/www.facebook.com\/iseg.pt","https:\/\/x.com\/iseglisbon","https:\/\/www.instagram.com\/iseglisbon\/","https:\/\/www.linkedin.com\/school\/iseglisbon\/","https:\/\/www.youtube.com\/user\/DMREISEG"]},{"@type":"Person","@id":"https:\/\/www.iseg.ulisboa.pt\/en\/#\/schema\/person\/c0c52437d81e25e1688a2bc7bf4b5e78","name":"bud","sameAs":["http:\/\/_"],"url":"https:\/\/www.iseg.ulisboa.pt\/en\/author\/gomo\/"}]}},"uagb_featured_image_src":{"full":false,"thumbnail":false,"medium":false,"medium_large":false,"large":false,"1536x1536":false,"2048x2048":false,"trp-custom-language-flag":false},"uagb_author_info":{"display_name":"gomo","author_link":"https:\/\/www.iseg.ulisboa.pt\/en\/author\/gomo\/"},"uagb_comment_info":0,"uagb_excerpt":"No dia 12 de dezembro, teve lugar a tomada de posse do Professor Doutor Manuel Mira Godinho como Presidente do ISEG. A cerim\u00f3nia foi presidida pelo Magn\u00edfico Reitor da Universidade de Lisboa, Professor Doutor Ant\u00f3nio Cruz Serra.\u00a0 >> Reportagem Fotogr\u00e1fica","_links":{"self":[{"href":"https:\/\/www.iseg.ulisboa.pt\/en\/wp-json\/wp\/v2\/posts\/9905"}],"collection":[{"href":"https:\/\/www.iseg.ulisboa.pt\/en\/wp-json\/wp\/v2\/posts"}],"about":[{"href":"https:\/\/www.iseg.ulisboa.pt\/en\/wp-json\/wp\/v2\/types\/post"}],"author":[{"embeddable":true,"href":"https:\/\/www.iseg.ulisboa.pt\/en\/wp-json\/wp\/v2\/users\/1"}],"replies":[{"embeddable":true,"href":"https:\/\/www.iseg.ulisboa.pt\/en\/wp-json\/wp\/v2\/comments?post=9905"}],"version-history":[{"count":0,"href":"https:\/\/www.iseg.ulisboa.pt\/en\/wp-json\/wp\/v2\/posts\/9905\/revisions"}],"wp:attachment":[{"href":"https:\/\/www.iseg.ulisboa.pt\/en\/wp-json\/wp\/v2\/media?parent=9905"}],"wp:term":[{"taxonomy":"category","embeddable":true,"href":"https:\/\/www.iseg.ulisboa.pt\/en\/wp-json\/wp\/v2\/categories?post=9905"},{"taxonomy":"topic","embeddable":true,"href":"https:\/\/www.iseg.ulisboa.pt\/en\/wp-json\/wp\/v2\/topic?post=9905"}],"curies":[{"name":"wp","href":"https:\/\/api.w.org\/{rel}","templated":true}]}}